{"id":2163,"date":"2021-04-21T15:14:23","date_gmt":"2021-04-21T14:14:23","guid":{"rendered":"https:\/\/procenter.habitissimo.pt\/?p=2163"},"modified":"2024-12-19T12:46:00","modified_gmt":"2024-12-19T12:46:00","slug":"apoios-e-ajudas-em-vigor-que-afetam-profissionais-da-construcao","status":"publish","type":"post","link":"https:\/\/www.habitissimo.pt\/procenter\/marketing\/apoios-e-ajudas-em-vigor-que-afetam-profissionais-da-construcao\/","title":{"rendered":"Apoios e ajudas em vigor que afetam profissionais da constru\u00e7\u00e3o"},"content":{"rendered":"\n<p>A pandemia de COVID-19 veio trazer v\u00e1rios desafios para o tecido empresarial nos mais diversos sectores, que tiveram de parar completamente ou que viram a sua atividade limitada em muito, como foi o caso dos profissionais do setor da constru\u00e7\u00e3o. Como medida de apoio \u00e0s empresas, o Governo portugu\u00eas refor\u00e7ou ou criou novos incentivos, dos quais a sua empresa poder\u00e1 beneficiar. Deixamos-lhe aqui os mais relevantes:<\/p>\n\n\n\n<div class=\"wp-block-image\"><figure class=\"aligncenter size-large\"><img loading=\"lazy\" decoding=\"async\" width=\"1024\" height=\"588\" src=\"https:\/\/www.habitissimo.pt\/procenter\/wp-content\/uploads\/sites\/5\/2021\/04\/shutterstock_1669004749-1024x588.jpg\" alt=\"\" class=\"wp-image-2167\" srcset=\"https:\/\/www.habitissimo.pt\/procenter\/wp-content\/uploads\/sites\/5\/2021\/04\/shutterstock_1669004749-1024x588.jpg 1024w, https:\/\/www.habitissimo.pt\/procenter\/wp-content\/uploads\/sites\/5\/2021\/04\/shutterstock_1669004749-436x250.jpg 436w, https:\/\/www.habitissimo.pt\/procenter\/wp-content\/uploads\/sites\/5\/2021\/04\/shutterstock_1669004749-150x86.jpg 150w, https:\/\/www.habitissimo.pt\/procenter\/wp-content\/uploads\/sites\/5\/2021\/04\/shutterstock_1669004749-768x441.jpg 768w, https:\/\/www.habitissimo.pt\/procenter\/wp-content\/uploads\/sites\/5\/2021\/04\/shutterstock_1669004749-1536x882.jpg 1536w, https:\/\/www.habitissimo.pt\/procenter\/wp-content\/uploads\/sites\/5\/2021\/04\/shutterstock_1669004749-2048x1176.jpg 2048w, https:\/\/www.habitissimo.pt\/procenter\/wp-content\/uploads\/sites\/5\/2021\/04\/shutterstock_1669004749-scaled.jpg 2560w\" sizes=\"auto, (max-width: 1024px) 100vw, 1024px\" \/><\/figure><\/div>\n\n\n\n<h2 class=\"wp-block-heading\"><strong>Ajuda no pagamento de d\u00edvidas \u00e0 Seguran\u00e7a Social<\/strong><\/h2>\n\n\n\n<p>Quaisquer d\u00edvidas de empregadores ou trabalhadores independentes \u00e0 Seguran\u00e7a Social, a serem pagas at\u00e9 dezembro de 2021, poder\u00e3o ser agora liquidadas em seis presta\u00e7\u00f5es, n\u00e3o se exigindo uma garantia. Se o valor da d\u00edvida ultrapassar os 3.060 euros (no caso de pessoa singular) ou os 15.300 euros (no caso de pessoa coletiva), este pagamento pode ser repartido por at\u00e9 12 meses. No entanto, se a d\u00edvida se encontrar j\u00e1 em processo executivo, esta medida n\u00e3o se ir\u00e1 aplicar.<\/p>\n\n\n\n<p>Al\u00e9m disso, continua em vigor a dispensa parcial (de 50%) do pagamento da Taxa Social \u00danica (TSU) para micro, pequenas e m\u00e9dias empresas.<\/p>\n\n\n\n<h2 class=\"wp-block-heading\"><strong>Apoio \u00e0 retoma progressiva da atividade<\/strong><\/h2>\n\n\n\n<p>Este apoio foi alargado at\u00e9 setembro de 2021, destinando-se a entidades empregadores afetadas pelo COVID-19 que se encontrem com uma quebra de fatura\u00e7\u00e3o igual ou superior a 25% do normal. Assim, o empregador pode aceder a este apoio \u00e0 retoma progressiva de atividade com redu\u00e7\u00e3o tempor\u00e1ria do per\u00edodo normal de todos ou alguns trabalhadores. Ou seja, se optar por retomar a atividade reduzindo o per\u00edodo normal de trabalho, este apoio financeiro ir\u00e1 ajud\u00e1-lo a pagar a estes trabalhadores abrangidos por essa redu\u00e7\u00e3o, correspondente \u00e0s horas n\u00e3o trabalhadas no valor de $\/5 da remunera\u00e7\u00e3o normal l\u00edquida.<\/p>\n\n\n\n<p>Esta compensa\u00e7\u00e3o \u00e9 suportada a 70% pela Seguran\u00e7a Social, cabendo ao empregador suportar o restante valor. No entanto, se a redu\u00e7\u00e3o do per\u00edodo de trabalho for superior a 60% e a quebra de fatura\u00e7\u00e3o superior a 75%, a Seguran\u00e7a Social cobre 100% deste apoio. Mais informa\u00e7\u00f5es<a href=\"http:\/\/www.seg-social.pt\/apoio-extraordinario-a-retoma-progressiva-de-atividade\" rel=\"nofollow\"> aqui<\/a>.<\/p>\n\n\n\n<h2 class=\"wp-block-heading\"><strong>Apoio simplificado para microempresas<\/strong><\/h2>\n\n\n\n<p>Este apoio est\u00e1 dirigido a empresas com menos de 10 trabalhadores em situa\u00e7\u00e3o de quebra de fatura\u00e7\u00e3o superior a 25%, podendo a empresa receber at\u00e9 dois sal\u00e1rios m\u00ednimos por trabalhador. No entanto, se aderir a este apoio, n\u00e3o poder\u00e1 aderir ao apoio \u00e0 retoma progressiva de atividade. As empresas abrangidas n\u00e3o poder\u00e3o fazer despedimentos coletivos ou extin\u00e7\u00e3o de postos de trabalho por um per\u00edodo de at\u00e9 dois meses ap\u00f3s o final do apoio.<\/p>\n\n\n\n<h2 class=\"wp-block-heading\"><strong>Outros apoios e ajudas destinadas aos profissionais da constru\u00e7\u00e3o, e outros setores:<\/strong><\/h2>\n\n\n\n<ul class=\"wp-block-list\"><li> \u00a0 \u00a0 \u00a0 <strong>Flexibiliza\u00e7\u00e3o de pagamento de impostos<\/strong> - Uma empresa ou empres\u00e1rio em nome individual com regime trimestral do IVA poder\u00e1 fazer o pagamento em tr\u00eas ou seis presta\u00e7\u00f5es sem juros; o mesmo \u00e9 v\u00e1lido no caso de empresas com regime mensal e quebra de fatura\u00e7\u00e3o superior a 25%.<\/li><\/ul>\n\n\n\n<ul class=\"wp-block-list\"><li><strong>\u00a0 \u00a0 \u00a0 \u00a0 Programa Apoiar<\/strong> \u2013 este \u00e9 um apoio \u00e0 tesouraria, a fundo perdido, a empresas que se viram afetadas apela COVID-19. Este programa abrange agora tamb\u00e9m as seguintes entidades: empresas com mais de 250 trabalhadores e fatura\u00e7\u00e3o anual inferior a 50 milh\u00f5es de euros; empres\u00e1rios em nome individual, sem contabilidade organizada e com trabalhadores a cargo; empresas que em 2019 tinham capitais pr\u00f3prios negativos; e empresas com d\u00edvidas ao Estado, desde que estas sejam regularizadas.<\/li><\/ul>\n\n\n\n<h2 class=\"wp-block-heading\"><strong>E quanto ao layoff simplificado?<\/strong><\/h2>\n\n\n\n<p>Este apoio \u00e0 manuten\u00e7\u00e3o dos contratos de trabalho apenas abrange empresas que tenham o dever de encerrar total ou parcialmente em virtude das medidas restritivas impostas pelo Governo. Uma vez que a constru\u00e7\u00e3o n\u00e3o foi legalmente obrigada a parar atividade, o layoff n\u00e3o se aplica aos profissionais do setor. O incentivo extraordin\u00e1rio \u00e0 normaliza\u00e7\u00e3o da atividade empresarial tamb\u00e9m e aplica apenas a empresas que sa\u00edram do regime de layoff, pelo que n\u00e3o se aplicam tamb\u00e9m ao setor. Mais informa\u00e7\u00f5es<a href=\"http:\/\/www.seg-social.pt\/medida-extraordinario-de-apoio-a-manutencao-dos-contratos-de-trabalho-lay-off-\"> aqui<\/a> e<a href=\"https:\/\/www.dgert.gov.pt\/incentivo-extraordinario-a-normalizacao-da-atividade-empresarial\"> aqui<\/a>.<\/p>\n","protected":false},"excerpt":{"rendered":"<p>A pandemia de COVID-19 veio trazer v\u00e1rios desafios para o tecido empresarial nos mais diversos sectores, que tiveram de parar completamente ou que viram a sua atividade limitada em muito,...<\/p>\n","protected":false},"author":20,"featured_media":2167,"comment_status":"open","ping_status":"open","sticky":false,"template":"","format":"standard","meta":{"_acf_changed":false,"footnotes":""},"categories":[10],"tags":[135,132,138,136],"class_list":["post-2163","post","type-post","status-publish","format-standard","has-post-thumbnail","hentry","category-marketing","tag-ajuda-ao-setor-da-construcao","tag-habitissimo-consigo","tag-layoff-simplificado","tag-seguranca-social"],"acf":[],"yoast_head":"<!-- This site is optimized with the Yoast SEO plugin v26.5 - https:\/\/yoast.com\/wordpress\/plugins\/seo\/ -->\n<title>Apoios e ajudas em vigor que afetam profissionais da constru\u00e7\u00e3o - Habitissimo POR<\/title>\n<meta name=\"description\" content=\"Como medida de apoio \u00e0s empresas, o Governo portugu\u00eas refor\u00e7ou ou criou novos incentivos, que afetam os profissionais da constru\u00e7\u00e3o.\" \/>\n<meta name=\"robots\" content=\"index, follow, max-snippet:-1, max-image-preview:large, max-video-preview:-1\" \/>\n<link rel=\"canonical\" href=\"https:\/\/www.habitissimo.pt\/procenter\/marketing\/apoios-e-ajudas-em-vigor-que-afetam-profissionais-da-construcao\/\" \/>\n<meta property=\"og:locale\" content=\"pt_PT\" \/>\n<meta property=\"og:type\" content=\"article\" \/>\n<meta property=\"og:title\" content=\"Apoios e ajudas em vigor que afetam profissionais da constru\u00e7\u00e3o - Habitissimo POR\" \/>\n<meta property=\"og:description\" content=\"Como medida de apoio \u00e0s empresas, o Governo portugu\u00eas refor\u00e7ou ou criou novos incentivos, que afetam os profissionais da constru\u00e7\u00e3o.\" \/>\n<meta property=\"og:url\" content=\"https:\/\/www.habitissimo.pt\/procenter\/marketing\/apoios-e-ajudas-em-vigor-que-afetam-profissionais-da-construcao\/\" \/>\n<meta property=\"og:site_name\" content=\"Habitissimo POR\" \/>\n<meta property=\"article:published_time\" content=\"2021-04-21T14:14:23+00:00\" \/>\n<meta property=\"article:modified_time\" content=\"2024-12-19T12:46:00+00:00\" \/>\n<meta property=\"og:image\" content=\"https:\/\/www.habitissimo.pt\/procenter\/wp-content\/uploads\/sites\/5\/2021\/04\/shutterstock_1669004749-scaled.jpg\" \/>\n\t<meta property=\"og:image:width\" content=\"2560\" \/>\n\t<meta property=\"og:image:height\" content=\"1469\" \/>\n\t<meta property=\"og:image:type\" content=\"image\/jpeg\" \/>\n<meta name=\"author\" content=\"Bea Correa\" \/>\n<meta name=\"twitter:card\" content=\"summary_large_image\" \/>\n<meta name=\"twitter:label1\" content=\"Escrito por\" \/>\n\t<meta name=\"twitter:data1\" content=\"Bea Correa\" \/>\n\t<meta name=\"twitter:label2\" content=\"Tempo estimado de leitura\" \/>\n\t<meta name=\"twitter:data2\" content=\"4 minutos\" \/>\n<script type=\"application\/ld+json\" class=\"yoast-schema-graph\">{\"@context\":\"https:\/\/schema.org\",\"@graph\":[{\"@type\":\"WebPage\",\"@id\":\"https:\/\/www.habitissimo.pt\/procenter\/marketing\/apoios-e-ajudas-em-vigor-que-afetam-profissionais-da-construcao\/\",\"url\":\"https:\/\/www.habitissimo.pt\/procenter\/marketing\/apoios-e-ajudas-em-vigor-que-afetam-profissionais-da-construcao\/\",\"name\":\"Apoios e ajudas em vigor que afetam profissionais da constru\u00e7\u00e3o - Habitissimo POR\",\"isPartOf\":{\"@id\":\"https:\/\/www.habitissimo.pt\/procenter\/#website\"},\"primaryImageOfPage\":{\"@id\":\"https:\/\/www.habitissimo.pt\/procenter\/marketing\/apoios-e-ajudas-em-vigor-que-afetam-profissionais-da-construcao\/#primaryimage\"},\"image\":{\"@id\":\"https:\/\/www.habitissimo.pt\/procenter\/marketing\/apoios-e-ajudas-em-vigor-que-afetam-profissionais-da-construcao\/#primaryimage\"},\"thumbnailUrl\":\"https:\/\/www.habitissimo.pt\/procenter\/wp-content\/uploads\/sites\/5\/2021\/04\/shutterstock_1669004749-scaled.jpg?wsr\",\"datePublished\":\"2021-04-21T14:14:23+00:00\",\"dateModified\":\"2024-12-19T12:46:00+00:00\",\"author\":{\"@id\":\"https:\/\/www.habitissimo.pt\/procenter\/#\/schema\/person\/b1a4edfefc8e2e8ca91c73d25f2a43bf\"},\"description\":\"Como medida de apoio \u00e0s empresas, o Governo portugu\u00eas refor\u00e7ou ou criou novos incentivos, que afetam os profissionais da constru\u00e7\u00e3o.\",\"breadcrumb\":{\"@id\":\"https:\/\/www.habitissimo.pt\/procenter\/marketing\/apoios-e-ajudas-em-vigor-que-afetam-profissionais-da-construcao\/#breadcrumb\"},\"inLanguage\":\"pt-PT\",\"potentialAction\":[{\"@type\":\"ReadAction\",\"target\":[\"https:\/\/www.habitissimo.pt\/procenter\/marketing\/apoios-e-ajudas-em-vigor-que-afetam-profissionais-da-construcao\/\"]}]},{\"@type\":\"ImageObject\",\"inLanguage\":\"pt-PT\",\"@id\":\"https:\/\/www.habitissimo.pt\/procenter\/marketing\/apoios-e-ajudas-em-vigor-que-afetam-profissionais-da-construcao\/#primaryimage\",\"url\":\"https:\/\/www.habitissimo.pt\/procenter\/wp-content\/uploads\/sites\/5\/2021\/04\/shutterstock_1669004749-scaled.jpg?wsr\",\"contentUrl\":\"https:\/\/www.habitissimo.pt\/procenter\/wp-content\/uploads\/sites\/5\/2021\/04\/shutterstock_1669004749-scaled.jpg?wsr\",\"width\":2560,\"height\":1469,\"caption\":\"apoio ao setor da constru\u00e7\u00e3o\"},{\"@type\":\"BreadcrumbList\",\"@id\":\"https:\/\/www.habitissimo.pt\/procenter\/marketing\/apoios-e-ajudas-em-vigor-que-afetam-profissionais-da-construcao\/#breadcrumb\",\"itemListElement\":[{\"@type\":\"ListItem\",\"position\":1,\"name\":\"Home\",\"item\":\"https:\/\/www.habitissimo.pt\/procenter\/\"},{\"@type\":\"ListItem\",\"position\":2,\"name\":\"Marketing e vendas\",\"item\":\"https:\/\/www.habitissimo.pt\/procenter\/marketing\/\"},{\"@type\":\"ListItem\",\"position\":3,\"name\":\"Apoios e ajudas em vigor que afetam profissionais da constru\u00e7\u00e3o\"}]},{\"@type\":\"WebSite\",\"@id\":\"https:\/\/www.habitissimo.pt\/procenter\/#website\",\"url\":\"https:\/\/www.habitissimo.pt\/procenter\/\",\"name\":\"Habitissimo POR\",\"description\":\"Reformas e Servi\u00e7os Dom\u00e9sticos\",\"potentialAction\":[{\"@type\":\"SearchAction\",\"target\":{\"@type\":\"EntryPoint\",\"urlTemplate\":\"https:\/\/www.habitissimo.pt\/procenter\/?s={search_term_string}\"},\"query-input\":{\"@type\":\"PropertyValueSpecification\",\"valueRequired\":true,\"valueName\":\"search_term_string\"}}],\"inLanguage\":\"pt-PT\"},{\"@type\":\"Person\",\"@id\":\"https:\/\/www.habitissimo.pt\/procenter\/#\/schema\/person\/b1a4edfefc8e2e8ca91c73d25f2a43bf\",\"name\":\"Bea Correa\",\"image\":{\"@type\":\"ImageObject\",\"inLanguage\":\"pt-PT\",\"@id\":\"https:\/\/www.habitissimo.pt\/procenter\/#\/schema\/person\/image\/\",\"url\":\"https:\/\/secure.gravatar.com\/avatar\/236d9291ade905d2327eece2c2abd483ba960bed1e9683171428c0c4cc1be38d?s=96&d=mm&r=g\",\"contentUrl\":\"https:\/\/secure.gravatar.com\/avatar\/236d9291ade905d2327eece2c2abd483ba960bed1e9683171428c0c4cc1be38d?s=96&d=mm&r=g\",\"caption\":\"Bea Correa\"},\"url\":\"https:\/\/www.habitissimo.pt\/procenter\/author\/bcorrea\/\"}]}<\/script>\n<!-- \/ Yoast SEO plugin. -->","yoast_head_json":{"title":"Apoios e ajudas em vigor que afetam profissionais da constru\u00e7\u00e3o - Habitissimo POR","description":"Como medida de apoio \u00e0s empresas, o Governo portugu\u00eas refor\u00e7ou ou criou novos incentivos, que afetam os profissionais da constru\u00e7\u00e3o.","robots":{"index":"index","follow":"follow","max-snippet":"max-snippet:-1","max-image-preview":"max-image-preview:large","max-video-preview":"max-video-preview:-1"},"canonical":"https:\/\/www.habitissimo.pt\/procenter\/marketing\/apoios-e-ajudas-em-vigor-que-afetam-profissionais-da-construcao\/","og_locale":"pt_PT","og_type":"article","og_title":"Apoios e ajudas em vigor que afetam profissionais da constru\u00e7\u00e3o - Habitissimo POR","og_description":"Como medida de apoio \u00e0s empresas, o Governo portugu\u00eas refor\u00e7ou ou criou novos incentivos, que afetam os profissionais da constru\u00e7\u00e3o.","og_url":"https:\/\/www.habitissimo.pt\/procenter\/marketing\/apoios-e-ajudas-em-vigor-que-afetam-profissionais-da-construcao\/","og_site_name":"Habitissimo POR","article_published_time":"2021-04-21T14:14:23+00:00","article_modified_time":"2024-12-19T12:46:00+00:00","og_image":[{"width":2560,"height":1469,"url":"https:\/\/www.habitissimo.pt\/procenter\/wp-content\/uploads\/sites\/5\/2021\/04\/shutterstock_1669004749-scaled.jpg","type":"image\/jpeg"}],"author":"Bea Correa","twitter_card":"summary_large_image","twitter_misc":{"Escrito por":"Bea Correa","Tempo estimado de leitura":"4 minutos"},"schema":{"@context":"https:\/\/schema.org","@graph":[{"@type":"WebPage","@id":"https:\/\/www.habitissimo.pt\/procenter\/marketing\/apoios-e-ajudas-em-vigor-que-afetam-profissionais-da-construcao\/","url":"https:\/\/www.habitissimo.pt\/procenter\/marketing\/apoios-e-ajudas-em-vigor-que-afetam-profissionais-da-construcao\/","name":"Apoios e ajudas em vigor que afetam profissionais da constru\u00e7\u00e3o - Habitissimo POR","isPartOf":{"@id":"https:\/\/www.habitissimo.pt\/procenter\/#website"},"primaryImageOfPage":{"@id":"https:\/\/www.habitissimo.pt\/procenter\/marketing\/apoios-e-ajudas-em-vigor-que-afetam-profissionais-da-construcao\/#primaryimage"},"image":{"@id":"https:\/\/www.habitissimo.pt\/procenter\/marketing\/apoios-e-ajudas-em-vigor-que-afetam-profissionais-da-construcao\/#primaryimage"},"thumbnailUrl":"https:\/\/www.habitissimo.pt\/procenter\/wp-content\/uploads\/sites\/5\/2021\/04\/shutterstock_1669004749-scaled.jpg?wsr","datePublished":"2021-04-21T14:14:23+00:00","dateModified":"2024-12-19T12:46:00+00:00","author":{"@id":"https:\/\/www.habitissimo.pt\/procenter\/#\/schema\/person\/b1a4edfefc8e2e8ca91c73d25f2a43bf"},"description":"Como medida de apoio \u00e0s empresas, o Governo portugu\u00eas refor\u00e7ou ou criou novos incentivos, que afetam os profissionais da constru\u00e7\u00e3o.","breadcrumb":{"@id":"https:\/\/www.habitissimo.pt\/procenter\/marketing\/apoios-e-ajudas-em-vigor-que-afetam-profissionais-da-construcao\/#breadcrumb"},"inLanguage":"pt-PT","potentialAction":[{"@type":"ReadAction","target":["https:\/\/www.habitissimo.pt\/procenter\/marketing\/apoios-e-ajudas-em-vigor-que-afetam-profissionais-da-construcao\/"]}]},{"@type":"ImageObject","inLanguage":"pt-PT","@id":"https:\/\/www.habitissimo.pt\/procenter\/marketing\/apoios-e-ajudas-em-vigor-que-afetam-profissionais-da-construcao\/#primaryimage","url":"https:\/\/www.habitissimo.pt\/procenter\/wp-content\/uploads\/sites\/5\/2021\/04\/shutterstock_1669004749-scaled.jpg?wsr","contentUrl":"https:\/\/www.habitissimo.pt\/procenter\/wp-content\/uploads\/sites\/5\/2021\/04\/shutterstock_1669004749-scaled.jpg?wsr","width":2560,"height":1469,"caption":"apoio ao setor da constru\u00e7\u00e3o"},{"@type":"BreadcrumbList","@id":"https:\/\/www.habitissimo.pt\/procenter\/marketing\/apoios-e-ajudas-em-vigor-que-afetam-profissionais-da-construcao\/#breadcrumb","itemListElement":[{"@type":"ListItem","position":1,"name":"Home","item":"https:\/\/www.habitissimo.pt\/procenter\/"},{"@type":"ListItem","position":2,"name":"Marketing e vendas","item":"https:\/\/www.habitissimo.pt\/procenter\/marketing\/"},{"@type":"ListItem","position":3,"name":"Apoios e ajudas em vigor que afetam profissionais da constru\u00e7\u00e3o"}]},{"@type":"WebSite","@id":"https:\/\/www.habitissimo.pt\/procenter\/#website","url":"https:\/\/www.habitissimo.pt\/procenter\/","name":"Habitissimo POR","description":"Reformas e Servi\u00e7os Dom\u00e9sticos","potentialAction":[{"@type":"SearchAction","target":{"@type":"EntryPoint","urlTemplate":"https:\/\/www.habitissimo.pt\/procenter\/?s={search_term_string}"},"query-input":{"@type":"PropertyValueSpecification","valueRequired":true,"valueName":"search_term_string"}}],"inLanguage":"pt-PT"},{"@type":"Person","@id":"https:\/\/www.habitissimo.pt\/procenter\/#\/schema\/person\/b1a4edfefc8e2e8ca91c73d25f2a43bf","name":"Bea Correa","image":{"@type":"ImageObject","inLanguage":"pt-PT","@id":"https:\/\/www.habitissimo.pt\/procenter\/#\/schema\/person\/image\/","url":"https:\/\/secure.gravatar.com\/avatar\/236d9291ade905d2327eece2c2abd483ba960bed1e9683171428c0c4cc1be38d?s=96&d=mm&r=g","contentUrl":"https:\/\/secure.gravatar.com\/avatar\/236d9291ade905d2327eece2c2abd483ba960bed1e9683171428c0c4cc1be38d?s=96&d=mm&r=g","caption":"Bea Correa"},"url":"https:\/\/www.habitissimo.pt\/procenter\/author\/bcorrea\/"}]}},"_links":{"self":[{"href":"https:\/\/www.habitissimo.pt\/procenter\/wp-json\/wp\/v2\/posts\/2163","targetHints":{"allow":["GET"]}}],"collection":[{"href":"https:\/\/www.habitissimo.pt\/procenter\/wp-json\/wp\/v2\/posts"}],"about":[{"href":"https:\/\/www.habitissimo.pt\/procenter\/wp-json\/wp\/v2\/types\/post"}],"author":[{"embeddable":true,"href":"https:\/\/www.habitissimo.pt\/procenter\/wp-json\/wp\/v2\/users\/20"}],"replies":[{"embeddable":true,"href":"https:\/\/www.habitissimo.pt\/procenter\/wp-json\/wp\/v2\/comments?post=2163"}],"version-history":[{"count":2,"href":"https:\/\/www.habitissimo.pt\/procenter\/wp-json\/wp\/v2\/posts\/2163\/revisions"}],"predecessor-version":[{"id":2168,"href":"https:\/\/www.habitissimo.pt\/procenter\/wp-json\/wp\/v2\/posts\/2163\/revisions\/2168"}],"wp:featuredmedia":[{"embeddable":true,"href":"https:\/\/www.habitissimo.pt\/procenter\/wp-json\/wp\/v2\/media\/2167"}],"wp:attachment":[{"href":"https:\/\/www.habitissimo.pt\/procenter\/wp-json\/wp\/v2\/media?parent=2163"}],"wp:term":[{"taxonomy":"category","embeddable":true,"href":"https:\/\/www.habitissimo.pt\/procenter\/wp-json\/wp\/v2\/categories?post=2163"},{"taxonomy":"post_tag","embeddable":true,"href":"https:\/\/www.habitissimo.pt\/procenter\/wp-json\/wp\/v2\/tags?post=2163"}],"curies":[{"name":"wp","href":"https:\/\/api.w.org\/{rel}","templated":true}]}}