{"id":2214,"date":"2021-04-29T08:06:34","date_gmt":"2021-04-29T07:06:34","guid":{"rendered":"https:\/\/procenter.habitissimo.pt\/?p=2214"},"modified":"2024-12-19T09:54:33","modified_gmt":"2024-12-19T09:54:33","slug":"habitissimo-no-top-15-do-great-place-to-work","status":"publish","type":"post","link":"https:\/\/www.habitissimo.pt\/procenter\/imprensa\/habitissimo-no-top-15-do-great-place-to-work\/","title":{"rendered":"Habitissimo no top 15 do Great Place to Work"},"content":{"rendered":"\n<p>Partilhamos uma not\u00edcia muito especial: A habitissimo que foi considerada uma das 15 melhores empresas para se trabalhar, segundo o programa Great Place to Work<em>\u00ae. <\/em><\/p>\n\n\n\n<p>9 em cada 10 colaboradores avaliaram a empresa de forma muito positiva, considerando que o Habitissimo \u201c\u00e9 um grande lugar para se trabalhar\u201d, o que d\u00e1 \u00e0 empresa uma aprecia\u00e7\u00e3o de 81% no Trust Index, que reflete a satisfa\u00e7\u00e3o dos profissionais em rela\u00e7\u00e3o \u00e0s pol\u00edticas internas e gest\u00e3o de pessoas na empresa.<\/p>\n\n\n\n<p>A empresa recebeu este reconhecimento na <a href=\"https:\/\/greatplacetowork.es\/ranking-best-workplaces-2021\/\" target=\"_blank\" rel=\"noreferrer noopener\">19\u00aa edi\u00e7\u00e3o do ranking Best Workplaces Espanha 2021<\/a>, no qual a consultora Great Place to Work revela as melhores empresas para o desenvolvimento de uma carreira profissional, sendo o Habitissimo reconhecido como uma empresa com uma cultura interna que se baseia na confian\u00e7a, trabalho em equipa e com um bom ambiente entre os seus membros.<\/p>\n\n\n\n<p>Estes resultados podem em parte ser explicados pelo modelo de atua\u00e7\u00e3o t\u00e3o pr\u00f3prio da empresa, que se foca na felicidade dos colaboradores e na motiva\u00e7\u00e3o destes talentos, desenvolvendo-se roteiros de forma\u00e7\u00e3o espec\u00edficos para um est\u00edmulo da promo\u00e7\u00e3o interna e promovendo a igualdade de oportunidades. Esta forma de estar do Habitissimo reflete-se em reconhecimentos locais e mais gerais, como este do <strong>Great Place to Work<em>\u00ae.<\/em><\/strong><\/p>\n\n\n\n<p>Fundado em 2009, em Espanha, o Habitissimo tem hoje ra\u00edzes em v\u00e1rios pa\u00edses, estando presente em Portugal, It\u00e1lia e na Am\u00e9rica Latina. No nosso pa\u00eds, a plataforma tem uma equipa totalmente dedicada ao mercado nacional, que conta com a colabora\u00e7\u00e3o de duas ag\u00eancias externas e de um <em>call center<\/em> situado no Porto. No geral, estas equipas s\u00e3o respons\u00e1veis por gerir diariamente os mais de 2000 profissionais certificados, num universo de 35 mil profissionais que se encontram registados na plataforma. <\/p>\n\n\n\n<p>Este trabalho \u00e9 real\u00e7ado por <strong>Carlos Sanz<\/strong>, diretor geral do Habitissimo: <em>\u201ctenho a agradecer a todas as equipas do Habitissimo, nomeadamente \u00e0 de Portugal, pela forma como t\u00eam garantido o melhor servi\u00e7o no dia-a-dia e por fazerem da nossa empresa um dos melhores lugares para trabalhar\u201d.<\/em><\/p>\n\n\n\n<p>Dedicamos o pr\u00e9mio tamb\u00e9m aos profissionais que confiam na plataforma, fazendo parte do habitissimo e do seu crescimento.<\/p>\n\n\n\n<figure class=\"wp-block-video aligncenter\"><video height=\"1080\" style=\"aspect-ratio: 1920 \/ 1080;\" width=\"1920\" controls src=\"https:\/\/www.habitissimo.pt\/procenter\/wp-content\/uploads\/sites\/5\/2021\/04\/00-MASTER-GPTW-03-PT-1.mp4\"><\/video><figcaption>A habitissimo que foi considerada uma das 15 melhores empresas para se trabalhar, segundo o programa Great Place to Work<em>\u00ae.<\/em><\/figcaption><\/figure>\n","protected":false},"excerpt":{"rendered":"<p>Partilhamos uma not\u00edcia muito especial: A habitissimo que foi considerada uma das 15 melhores empresas para se trabalhar, segundo o programa Great Place to Work\u00ae. 9 em cada 10 colaboradores...<\/p>\n","protected":false},"author":20,"featured_media":2220,"comment_status":"open","ping_status":"open","sticky":false,"template":"","format":"standard","meta":{"_acf_changed":false,"footnotes":""},"categories":[2],"tags":[139,140],"class_list":["post-2214","post","type-post","status-publish","format-standard","has-post-thumbnail","hentry","category-imprensa","tag-great-place-to-work-espanha","tag-habitissimo-no-top-15"],"acf":[],"yoast_head":"<!-- This site is optimized with the Yoast SEO plugin v26.5 - https:\/\/yoast.com\/wordpress\/plugins\/seo\/ -->\n<title>Habitissimo no top 15 do Great Place to Work - Habitissimo POR<\/title>\n<meta name=\"description\" content=\"A habitissimo que foi considerada uma das 15 melhores empresas para se trabalhar, segundo o programa Great Place to Work\u00ae\" \/>\n<meta name=\"robots\" content=\"index, follow, max-snippet:-1, max-image-preview:large, max-video-preview:-1\" \/>\n<link rel=\"canonical\" href=\"https:\/\/www.habitissimo.pt\/procenter\/imprensa\/habitissimo-no-top-15-do-great-place-to-work\/\" \/>\n<meta property=\"og:locale\" content=\"pt_PT\" \/>\n<meta property=\"og:type\" content=\"article\" \/>\n<meta property=\"og:title\" content=\"Habitissimo no top 15 do Great Place to Work - Habitissimo POR\" \/>\n<meta property=\"og:description\" content=\"A habitissimo que foi considerada uma das 15 melhores empresas para se trabalhar, segundo o programa Great Place to Work\u00ae\" \/>\n<meta property=\"og:url\" content=\"https:\/\/www.habitissimo.pt\/procenter\/imprensa\/habitissimo-no-top-15-do-great-place-to-work\/\" \/>\n<meta property=\"og:site_name\" content=\"Habitissimo POR\" \/>\n<meta property=\"article:published_time\" content=\"2021-04-29T07:06:34+00:00\" \/>\n<meta property=\"article:modified_time\" content=\"2024-12-19T09:54:33+00:00\" \/>\n<meta property=\"og:image\" content=\"https:\/\/www.habitissimo.pt\/procenter\/wp-content\/uploads\/sites\/5\/2021\/04\/cabecera_linkedin_personas_logo_der_B_02.jpg\" \/>\n\t<meta property=\"og:image:width\" content=\"1585\" \/>\n\t<meta property=\"og:image:height\" content=\"396\" \/>\n\t<meta property=\"og:image:type\" content=\"image\/jpeg\" \/>\n<meta name=\"author\" content=\"Bea Correa\" \/>\n<meta name=\"twitter:card\" content=\"summary_large_image\" \/>\n<meta name=\"twitter:label1\" content=\"Escrito por\" \/>\n\t<meta name=\"twitter:data1\" content=\"Bea Correa\" \/>\n\t<meta name=\"twitter:label2\" content=\"Tempo estimado de leitura\" \/>\n\t<meta name=\"twitter:data2\" content=\"2 minutos\" \/>\n<script type=\"application\/ld+json\" class=\"yoast-schema-graph\">{\"@context\":\"https:\/\/schema.org\",\"@graph\":[{\"@type\":\"WebPage\",\"@id\":\"https:\/\/www.habitissimo.pt\/procenter\/imprensa\/habitissimo-no-top-15-do-great-place-to-work\/\",\"url\":\"https:\/\/www.habitissimo.pt\/procenter\/imprensa\/habitissimo-no-top-15-do-great-place-to-work\/\",\"name\":\"Habitissimo no top 15 do Great Place to Work - Habitissimo POR\",\"isPartOf\":{\"@id\":\"https:\/\/www.habitissimo.pt\/procenter\/#website\"},\"primaryImageOfPage\":{\"@id\":\"https:\/\/www.habitissimo.pt\/procenter\/imprensa\/habitissimo-no-top-15-do-great-place-to-work\/#primaryimage\"},\"image\":{\"@id\":\"https:\/\/www.habitissimo.pt\/procenter\/imprensa\/habitissimo-no-top-15-do-great-place-to-work\/#primaryimage\"},\"thumbnailUrl\":\"https:\/\/www.habitissimo.pt\/procenter\/wp-content\/uploads\/sites\/5\/2021\/04\/cabecera_linkedin_personas_logo_der_B_02.jpg?wsr\",\"datePublished\":\"2021-04-29T07:06:34+00:00\",\"dateModified\":\"2024-12-19T09:54:33+00:00\",\"author\":{\"@id\":\"https:\/\/www.habitissimo.pt\/procenter\/#\/schema\/person\/b1a4edfefc8e2e8ca91c73d25f2a43bf\"},\"description\":\"A habitissimo que foi considerada uma das 15 melhores empresas para se trabalhar, segundo o programa Great Place to Work\u00ae\",\"breadcrumb\":{\"@id\":\"https:\/\/www.habitissimo.pt\/procenter\/imprensa\/habitissimo-no-top-15-do-great-place-to-work\/#breadcrumb\"},\"inLanguage\":\"pt-PT\",\"potentialAction\":[{\"@type\":\"ReadAction\",\"target\":[\"https:\/\/www.habitissimo.pt\/procenter\/imprensa\/habitissimo-no-top-15-do-great-place-to-work\/\"]}]},{\"@type\":\"ImageObject\",\"inLanguage\":\"pt-PT\",\"@id\":\"https:\/\/www.habitissimo.pt\/procenter\/imprensa\/habitissimo-no-top-15-do-great-place-to-work\/#primaryimage\",\"url\":\"https:\/\/www.habitissimo.pt\/procenter\/wp-content\/uploads\/sites\/5\/2021\/04\/cabecera_linkedin_personas_logo_der_B_02.jpg?wsr\",\"contentUrl\":\"https:\/\/www.habitissimo.pt\/procenter\/wp-content\/uploads\/sites\/5\/2021\/04\/cabecera_linkedin_personas_logo_der_B_02.jpg?wsr\",\"width\":1585,\"height\":396,\"caption\":\"Habitissimo no top 15 do Great Place to Work\"},{\"@type\":\"BreadcrumbList\",\"@id\":\"https:\/\/www.habitissimo.pt\/procenter\/imprensa\/habitissimo-no-top-15-do-great-place-to-work\/#breadcrumb\",\"itemListElement\":[{\"@type\":\"ListItem\",\"position\":1,\"name\":\"Home\",\"item\":\"https:\/\/www.habitissimo.pt\/procenter\/\"},{\"@type\":\"ListItem\",\"position\":2,\"name\":\"Imprensa\",\"item\":\"https:\/\/www.habitissimo.pt\/procenter\/imprensa\/\"},{\"@type\":\"ListItem\",\"position\":3,\"name\":\"Habitissimo no top 15 do Great Place to Work\"}]},{\"@type\":\"WebSite\",\"@id\":\"https:\/\/www.habitissimo.pt\/procenter\/#website\",\"url\":\"https:\/\/www.habitissimo.pt\/procenter\/\",\"name\":\"Habitissimo POR\",\"description\":\"Reformas e Servi\u00e7os Dom\u00e9sticos\",\"potentialAction\":[{\"@type\":\"SearchAction\",\"target\":{\"@type\":\"EntryPoint\",\"urlTemplate\":\"https:\/\/www.habitissimo.pt\/procenter\/?s={search_term_string}\"},\"query-input\":{\"@type\":\"PropertyValueSpecification\",\"valueRequired\":true,\"valueName\":\"search_term_string\"}}],\"inLanguage\":\"pt-PT\"},{\"@type\":\"Person\",\"@id\":\"https:\/\/www.habitissimo.pt\/procenter\/#\/schema\/person\/b1a4edfefc8e2e8ca91c73d25f2a43bf\",\"name\":\"Bea Correa\",\"image\":{\"@type\":\"ImageObject\",\"inLanguage\":\"pt-PT\",\"@id\":\"https:\/\/www.habitissimo.pt\/procenter\/#\/schema\/person\/image\/\",\"url\":\"https:\/\/secure.gravatar.com\/avatar\/236d9291ade905d2327eece2c2abd483ba960bed1e9683171428c0c4cc1be38d?s=96&d=mm&r=g\",\"contentUrl\":\"https:\/\/secure.gravatar.com\/avatar\/236d9291ade905d2327eece2c2abd483ba960bed1e9683171428c0c4cc1be38d?s=96&d=mm&r=g\",\"caption\":\"Bea Correa\"},\"url\":\"https:\/\/www.habitissimo.pt\/procenter\/author\/bcorrea\/\"}]}<\/script>\n<!-- \/ Yoast SEO plugin. -->","yoast_head_json":{"title":"Habitissimo no top 15 do Great Place to Work - Habitissimo POR","description":"A habitissimo que foi considerada uma das 15 melhores empresas para se trabalhar, segundo o programa Great Place to Work\u00ae","robots":{"index":"index","follow":"follow","max-snippet":"max-snippet:-1","max-image-preview":"max-image-preview:large","max-video-preview":"max-video-preview:-1"},"canonical":"https:\/\/www.habitissimo.pt\/procenter\/imprensa\/habitissimo-no-top-15-do-great-place-to-work\/","og_locale":"pt_PT","og_type":"article","og_title":"Habitissimo no top 15 do Great Place to Work - Habitissimo POR","og_description":"A habitissimo que foi considerada uma das 15 melhores empresas para se trabalhar, segundo o programa Great Place to Work\u00ae","og_url":"https:\/\/www.habitissimo.pt\/procenter\/imprensa\/habitissimo-no-top-15-do-great-place-to-work\/","og_site_name":"Habitissimo POR","article_published_time":"2021-04-29T07:06:34+00:00","article_modified_time":"2024-12-19T09:54:33+00:00","og_image":[{"width":1585,"height":396,"url":"https:\/\/www.habitissimo.pt\/procenter\/wp-content\/uploads\/sites\/5\/2021\/04\/cabecera_linkedin_personas_logo_der_B_02.jpg","type":"image\/jpeg"}],"author":"Bea Correa","twitter_card":"summary_large_image","twitter_misc":{"Escrito por":"Bea Correa","Tempo estimado de leitura":"2 minutos"},"schema":{"@context":"https:\/\/schema.org","@graph":[{"@type":"WebPage","@id":"https:\/\/www.habitissimo.pt\/procenter\/imprensa\/habitissimo-no-top-15-do-great-place-to-work\/","url":"https:\/\/www.habitissimo.pt\/procenter\/imprensa\/habitissimo-no-top-15-do-great-place-to-work\/","name":"Habitissimo no top 15 do Great Place to Work - Habitissimo POR","isPartOf":{"@id":"https:\/\/www.habitissimo.pt\/procenter\/#website"},"primaryImageOfPage":{"@id":"https:\/\/www.habitissimo.pt\/procenter\/imprensa\/habitissimo-no-top-15-do-great-place-to-work\/#primaryimage"},"image":{"@id":"https:\/\/www.habitissimo.pt\/procenter\/imprensa\/habitissimo-no-top-15-do-great-place-to-work\/#primaryimage"},"thumbnailUrl":"https:\/\/www.habitissimo.pt\/procenter\/wp-content\/uploads\/sites\/5\/2021\/04\/cabecera_linkedin_personas_logo_der_B_02.jpg?wsr","datePublished":"2021-04-29T07:06:34+00:00","dateModified":"2024-12-19T09:54:33+00:00","author":{"@id":"https:\/\/www.habitissimo.pt\/procenter\/#\/schema\/person\/b1a4edfefc8e2e8ca91c73d25f2a43bf"},"description":"A habitissimo que foi considerada uma das 15 melhores empresas para se trabalhar, segundo o programa Great Place to Work\u00ae","breadcrumb":{"@id":"https:\/\/www.habitissimo.pt\/procenter\/imprensa\/habitissimo-no-top-15-do-great-place-to-work\/#breadcrumb"},"inLanguage":"pt-PT","potentialAction":[{"@type":"ReadAction","target":["https:\/\/www.habitissimo.pt\/procenter\/imprensa\/habitissimo-no-top-15-do-great-place-to-work\/"]}]},{"@type":"ImageObject","inLanguage":"pt-PT","@id":"https:\/\/www.habitissimo.pt\/procenter\/imprensa\/habitissimo-no-top-15-do-great-place-to-work\/#primaryimage","url":"https:\/\/www.habitissimo.pt\/procenter\/wp-content\/uploads\/sites\/5\/2021\/04\/cabecera_linkedin_personas_logo_der_B_02.jpg?wsr","contentUrl":"https:\/\/www.habitissimo.pt\/procenter\/wp-content\/uploads\/sites\/5\/2021\/04\/cabecera_linkedin_personas_logo_der_B_02.jpg?wsr","width":1585,"height":396,"caption":"Habitissimo no top 15 do Great Place to Work"},{"@type":"BreadcrumbList","@id":"https:\/\/www.habitissimo.pt\/procenter\/imprensa\/habitissimo-no-top-15-do-great-place-to-work\/#breadcrumb","itemListElement":[{"@type":"ListItem","position":1,"name":"Home","item":"https:\/\/www.habitissimo.pt\/procenter\/"},{"@type":"ListItem","position":2,"name":"Imprensa","item":"https:\/\/www.habitissimo.pt\/procenter\/imprensa\/"},{"@type":"ListItem","position":3,"name":"Habitissimo no top 15 do Great Place to Work"}]},{"@type":"WebSite","@id":"https:\/\/www.habitissimo.pt\/procenter\/#website","url":"https:\/\/www.habitissimo.pt\/procenter\/","name":"Habitissimo POR","description":"Reformas e Servi\u00e7os Dom\u00e9sticos","potentialAction":[{"@type":"SearchAction","target":{"@type":"EntryPoint","urlTemplate":"https:\/\/www.habitissimo.pt\/procenter\/?s={search_term_string}"},"query-input":{"@type":"PropertyValueSpecification","valueRequired":true,"valueName":"search_term_string"}}],"inLanguage":"pt-PT"},{"@type":"Person","@id":"https:\/\/www.habitissimo.pt\/procenter\/#\/schema\/person\/b1a4edfefc8e2e8ca91c73d25f2a43bf","name":"Bea Correa","image":{"@type":"ImageObject","inLanguage":"pt-PT","@id":"https:\/\/www.habitissimo.pt\/procenter\/#\/schema\/person\/image\/","url":"https:\/\/secure.gravatar.com\/avatar\/236d9291ade905d2327eece2c2abd483ba960bed1e9683171428c0c4cc1be38d?s=96&d=mm&r=g","contentUrl":"https:\/\/secure.gravatar.com\/avatar\/236d9291ade905d2327eece2c2abd483ba960bed1e9683171428c0c4cc1be38d?s=96&d=mm&r=g","caption":"Bea Correa"},"url":"https:\/\/www.habitissimo.pt\/procenter\/author\/bcorrea\/"}]}},"_links":{"self":[{"href":"https:\/\/www.habitissimo.pt\/procenter\/wp-json\/wp\/v2\/posts\/2214","targetHints":{"allow":["GET"]}}],"collection":[{"href":"https:\/\/www.habitissimo.pt\/procenter\/wp-json\/wp\/v2\/posts"}],"about":[{"href":"https:\/\/www.habitissimo.pt\/procenter\/wp-json\/wp\/v2\/types\/post"}],"author":[{"embeddable":true,"href":"https:\/\/www.habitissimo.pt\/procenter\/wp-json\/wp\/v2\/users\/20"}],"replies":[{"embeddable":true,"href":"https:\/\/www.habitissimo.pt\/procenter\/wp-json\/wp\/v2\/comments?post=2214"}],"version-history":[{"count":2,"href":"https:\/\/www.habitissimo.pt\/procenter\/wp-json\/wp\/v2\/posts\/2214\/revisions"}],"predecessor-version":[{"id":2219,"href":"https:\/\/www.habitissimo.pt\/procenter\/wp-json\/wp\/v2\/posts\/2214\/revisions\/2219"}],"wp:featuredmedia":[{"embeddable":true,"href":"https:\/\/www.habitissimo.pt\/procenter\/wp-json\/wp\/v2\/media\/2220"}],"wp:attachment":[{"href":"https:\/\/www.habitissimo.pt\/procenter\/wp-json\/wp\/v2\/media?parent=2214"}],"wp:term":[{"taxonomy":"category","embeddable":true,"href":"https:\/\/www.habitissimo.pt\/procenter\/wp-json\/wp\/v2\/categories?post=2214"},{"taxonomy":"post_tag","embeddable":true,"href":"https:\/\/www.habitissimo.pt\/procenter\/wp-json\/wp\/v2\/tags?post=2214"}],"curies":[{"name":"wp","href":"https:\/\/api.w.org\/{rel}","templated":true}]}}