{"id":2330,"date":"2021-07-12T09:52:35","date_gmt":"2021-07-12T08:52:35","guid":{"rendered":"https:\/\/procenter.habitissimo.pt\/?p=2330"},"modified":"2024-12-19T12:38:46","modified_gmt":"2024-12-19T12:38:46","slug":"novidade-a-oferta-de-categorias-e-servicos-foi-ampliada","status":"publish","type":"post","link":"https:\/\/www.habitissimo.pt\/procenter\/marketing\/novidade-a-oferta-de-categorias-e-servicos-foi-ampliada\/","title":{"rendered":"Novidade: A oferta de categorias e servi\u00e7os foi ampliada"},"content":{"rendered":"\n<p>No sentido de dar resposta \u00e0s necessidades dos clientes e profissionais, temos o orgulho de apresentar novidades acerca da nossa oferta de categorias e servi\u00e7os, refor\u00e7ando assim a condi\u00e7\u00e3o de l\u00edder no setor da constru\u00e7\u00e3o, remodela\u00e7\u00e3o e de servi\u00e7os relacionados com o lar. Al\u00e9m das novidades que foram implementadas nas categorias, tamb\u00e9m foram realizadas altera\u00e7\u00f5es em nomenclaturas e no modo como estas estavam estruturadas.\u00a0<\/p>\n\n\n\n<p>Estas altera\u00e7\u00f5es procuram ainda ajudar os profissionais a desenvolver o seu neg\u00f3cio, tornando-o mais competitivo, atrav\u00e9s de um novo conjunto de categorias criadas especialmente para si, tendo em conta o feedback que nos foi dado. Ora veja:<\/p>\n\n\n\n<h2 class=\"wp-block-heading\">Novas oportunidades de trabalho na categoria de Remodela\u00e7\u00f5es<\/h2>\n\n\n\n<ul class=\"wp-block-list\"><li>Estores<\/li><li>Microcimento<\/li><li>Marmoristas<\/li><li>Persianas<\/li><li>Trabalhos verticais<\/li><\/ul>\n\n\n\n<h2 class=\"wp-block-heading\">Novas oportunidades de trabalho na categoria de Servi\u00e7os<\/h2>\n\n\n\n<ul class=\"wp-block-list\"><li>Estofagem<\/li><li>Eletrodom\u00e9sticos<\/li><li>Faz-tudo<\/li><li>Fechaduras<\/li><li>Fossa S\u00e9ptica<\/li><li>Sistemas de Seguran\u00e7a<\/li><\/ul>\n\n\n\n<h2 class=\"wp-block-heading\">Altera\u00e7\u00f5es em nomenclaturas e estrutura<\/h2>\n\n\n\n<ul class=\"wp-block-list\"><li>A subcategoria \u201cPichelaria\u201d volta a ser \u201cCanaliza\u00e7\u00e3o\u201d.<\/li><li>A atual subcategoria Climatiza\u00e7\u00e3o, foi dividida entre \u201cClimatiza\u00e7\u00e3o e Ar Condicionado\u201d e \u201cAquecimento\u201d.<\/li><li>A subcategoria \u201cTelhados\u201d passa a chamar-se&nbsp; \u201cCoberturas e Telhados\u201d.<\/li><li>Tamb\u00e9m poder\u00e1 encontrar novas ofertas de trabalhos em cada uma das subcategorias, como: servi\u00e7os relacionados \u00e0 lareiras, outros tipos de pavimentos e tamb\u00e9m a op\u00e7\u00e3o de constru\u00e7\u00e3o de casa chave na m\u00e3o, entre outros.<\/li><\/ul>\n\n\n\n<p>Se \u00e9 um profissional ou empresa registada no nosso portal e j\u00e1 adquiriu algum dos nossos packs profissionais, pode adicionar facilmente estas novas categorias fazendo uma <a href=\"https:\/\/www.habitissimo.pt\/usuario\/acessar?referer=https%3A%2F%2Fempresas.habitissimo.pt%2Fpro%2Flast-lap%2Fmodificar%2Fdados#page-main?&amp;ame=twlptk-e0fc69b265e6-1558034972&amp;utm_source=email&amp;utm_medium=promo&amp;utm_campaign=cambio_subs\">actualiza\u00e7\u00e3o no seu perfil<\/a> directamente na sua \u00e1rea pessoal ou contactando o seu gestor de conta, utilizando os diversos contactos ao seu dispor.<\/p>\n\n\n\n<p><\/p>\n\n\n\n<p>Pode interessar: <a href=\"https:\/\/www.habitissimo.pt\/procenter\/sector-de-obras-e-remodelacao-oportunidades-e-ameacas-a-ter-em-conta\/\" target=\"_blank\" rel=\"noreferrer noopener\">Sector de obras e remodela\u00e7\u00e3o: Oportunidades e amea\u00e7as a ter em conta<\/a><\/p>\n","protected":false},"excerpt":{"rendered":"<p>No sentido de dar resposta \u00e0s necessidades dos clientes e profissionais, temos o orgulho de apresentar novidades acerca da nossa oferta de categorias e servi\u00e7os, refor\u00e7ando assim a condi\u00e7\u00e3o de...<\/p>\n","protected":false},"author":20,"featured_media":2419,"comment_status":"open","ping_status":"open","sticky":false,"template":"","format":"standard","meta":{"_acf_changed":false,"footnotes":""},"categories":[10],"tags":[],"class_list":["post-2330","post","type-post","status-publish","format-standard","has-post-thumbnail","hentry","category-marketing"],"acf":[],"yoast_head":"<!-- This site is optimized with the Yoast SEO plugin v26.5 - https:\/\/yoast.com\/wordpress\/plugins\/seo\/ -->\n<title>Novidade: A oferta de categorias e servi\u00e7os foi ampliada<\/title>\n<meta name=\"description\" content=\"No sentido de dar resposta \u00e0s necessidades dos clientes, a habitissimo apresenta novidades acerca da oferta de categorias e servi\u00e7os.\" \/>\n<meta name=\"robots\" content=\"index, follow, max-snippet:-1, max-image-preview:large, max-video-preview:-1\" \/>\n<link rel=\"canonical\" href=\"https:\/\/www.habitissimo.pt\/procenter\/marketing\/novidade-a-oferta-de-categorias-e-servicos-foi-ampliada\/\" \/>\n<meta property=\"og:locale\" content=\"pt_PT\" \/>\n<meta property=\"og:type\" content=\"article\" \/>\n<meta property=\"og:title\" content=\"Novidade: A oferta de categorias e servi\u00e7os foi ampliada\" \/>\n<meta property=\"og:description\" content=\"No sentido de dar resposta \u00e0s necessidades dos clientes, a habitissimo apresenta novidades acerca da oferta de categorias e servi\u00e7os.\" \/>\n<meta property=\"og:url\" content=\"https:\/\/www.habitissimo.pt\/procenter\/marketing\/novidade-a-oferta-de-categorias-e-servicos-foi-ampliada\/\" \/>\n<meta property=\"og:site_name\" content=\"Habitissimo POR\" \/>\n<meta property=\"article:published_time\" content=\"2021-07-12T08:52:35+00:00\" \/>\n<meta property=\"article:modified_time\" content=\"2024-12-19T12:38:46+00:00\" \/>\n<meta property=\"og:image\" content=\"https:\/\/www.habitissimo.pt\/procenter\/wp-content\/uploads\/sites\/5\/2021\/08\/obras-de-outono-mais-pedidas.png\" \/>\n\t<meta property=\"og:image:width\" content=\"900\" \/>\n\t<meta property=\"og:image:height\" content=\"300\" \/>\n\t<meta property=\"og:image:type\" content=\"image\/png\" \/>\n<meta name=\"author\" content=\"Bea Correa\" \/>\n<meta name=\"twitter:card\" content=\"summary_large_image\" \/>\n<meta name=\"twitter:label1\" content=\"Escrito por\" \/>\n\t<meta name=\"twitter:data1\" content=\"Bea Correa\" \/>\n\t<meta name=\"twitter:label2\" content=\"Tempo estimado de leitura\" \/>\n\t<meta name=\"twitter:data2\" content=\"2 minutos\" \/>\n<script type=\"application\/ld+json\" class=\"yoast-schema-graph\">{\"@context\":\"https:\/\/schema.org\",\"@graph\":[{\"@type\":\"WebPage\",\"@id\":\"https:\/\/www.habitissimo.pt\/procenter\/marketing\/novidade-a-oferta-de-categorias-e-servicos-foi-ampliada\/\",\"url\":\"https:\/\/www.habitissimo.pt\/procenter\/marketing\/novidade-a-oferta-de-categorias-e-servicos-foi-ampliada\/\",\"name\":\"Novidade: A oferta de categorias e servi\u00e7os foi ampliada\",\"isPartOf\":{\"@id\":\"https:\/\/www.habitissimo.pt\/procenter\/#website\"},\"primaryImageOfPage\":{\"@id\":\"https:\/\/www.habitissimo.pt\/procenter\/marketing\/novidade-a-oferta-de-categorias-e-servicos-foi-ampliada\/#primaryimage\"},\"image\":{\"@id\":\"https:\/\/www.habitissimo.pt\/procenter\/marketing\/novidade-a-oferta-de-categorias-e-servicos-foi-ampliada\/#primaryimage\"},\"thumbnailUrl\":\"https:\/\/www.habitissimo.pt\/procenter\/wp-content\/uploads\/sites\/5\/2021\/08\/obras-de-outono-mais-pedidas.png?wsr\",\"datePublished\":\"2021-07-12T08:52:35+00:00\",\"dateModified\":\"2024-12-19T12:38:46+00:00\",\"author\":{\"@id\":\"https:\/\/www.habitissimo.pt\/procenter\/#\/schema\/person\/b1a4edfefc8e2e8ca91c73d25f2a43bf\"},\"description\":\"No sentido de dar resposta \u00e0s necessidades dos clientes, a habitissimo apresenta novidades acerca da oferta de categorias e servi\u00e7os.\",\"breadcrumb\":{\"@id\":\"https:\/\/www.habitissimo.pt\/procenter\/marketing\/novidade-a-oferta-de-categorias-e-servicos-foi-ampliada\/#breadcrumb\"},\"inLanguage\":\"pt-PT\",\"potentialAction\":[{\"@type\":\"ReadAction\",\"target\":[\"https:\/\/www.habitissimo.pt\/procenter\/marketing\/novidade-a-oferta-de-categorias-e-servicos-foi-ampliada\/\"]}]},{\"@type\":\"ImageObject\",\"inLanguage\":\"pt-PT\",\"@id\":\"https:\/\/www.habitissimo.pt\/procenter\/marketing\/novidade-a-oferta-de-categorias-e-servicos-foi-ampliada\/#primaryimage\",\"url\":\"https:\/\/www.habitissimo.pt\/procenter\/wp-content\/uploads\/sites\/5\/2021\/08\/obras-de-outono-mais-pedidas.png?wsr\",\"contentUrl\":\"https:\/\/www.habitissimo.pt\/procenter\/wp-content\/uploads\/sites\/5\/2021\/08\/obras-de-outono-mais-pedidas.png?wsr\",\"width\":900,\"height\":300,\"caption\":\"oferta de categorias e servi\u00e7os\"},{\"@type\":\"BreadcrumbList\",\"@id\":\"https:\/\/www.habitissimo.pt\/procenter\/marketing\/novidade-a-oferta-de-categorias-e-servicos-foi-ampliada\/#breadcrumb\",\"itemListElement\":[{\"@type\":\"ListItem\",\"position\":1,\"name\":\"Home\",\"item\":\"https:\/\/www.habitissimo.pt\/procenter\/\"},{\"@type\":\"ListItem\",\"position\":2,\"name\":\"Marketing e vendas\",\"item\":\"https:\/\/www.habitissimo.pt\/procenter\/marketing\/\"},{\"@type\":\"ListItem\",\"position\":3,\"name\":\"Novidade: A oferta de categorias e servi\u00e7os foi ampliada\"}]},{\"@type\":\"WebSite\",\"@id\":\"https:\/\/www.habitissimo.pt\/procenter\/#website\",\"url\":\"https:\/\/www.habitissimo.pt\/procenter\/\",\"name\":\"Habitissimo POR\",\"description\":\"Reformas e Servi\u00e7os Dom\u00e9sticos\",\"potentialAction\":[{\"@type\":\"SearchAction\",\"target\":{\"@type\":\"EntryPoint\",\"urlTemplate\":\"https:\/\/www.habitissimo.pt\/procenter\/?s={search_term_string}\"},\"query-input\":{\"@type\":\"PropertyValueSpecification\",\"valueRequired\":true,\"valueName\":\"search_term_string\"}}],\"inLanguage\":\"pt-PT\"},{\"@type\":\"Person\",\"@id\":\"https:\/\/www.habitissimo.pt\/procenter\/#\/schema\/person\/b1a4edfefc8e2e8ca91c73d25f2a43bf\",\"name\":\"Bea Correa\",\"image\":{\"@type\":\"ImageObject\",\"inLanguage\":\"pt-PT\",\"@id\":\"https:\/\/www.habitissimo.pt\/procenter\/#\/schema\/person\/image\/\",\"url\":\"https:\/\/secure.gravatar.com\/avatar\/236d9291ade905d2327eece2c2abd483ba960bed1e9683171428c0c4cc1be38d?s=96&d=mm&r=g\",\"contentUrl\":\"https:\/\/secure.gravatar.com\/avatar\/236d9291ade905d2327eece2c2abd483ba960bed1e9683171428c0c4cc1be38d?s=96&d=mm&r=g\",\"caption\":\"Bea Correa\"},\"url\":\"https:\/\/www.habitissimo.pt\/procenter\/author\/bcorrea\/\"}]}<\/script>\n<!-- \/ Yoast SEO plugin. -->","yoast_head_json":{"title":"Novidade: A oferta de categorias e servi\u00e7os foi ampliada","description":"No sentido de dar resposta \u00e0s necessidades dos clientes, a habitissimo apresenta novidades acerca da oferta de categorias e servi\u00e7os.","robots":{"index":"index","follow":"follow","max-snippet":"max-snippet:-1","max-image-preview":"max-image-preview:large","max-video-preview":"max-video-preview:-1"},"canonical":"https:\/\/www.habitissimo.pt\/procenter\/marketing\/novidade-a-oferta-de-categorias-e-servicos-foi-ampliada\/","og_locale":"pt_PT","og_type":"article","og_title":"Novidade: A oferta de categorias e servi\u00e7os foi ampliada","og_description":"No sentido de dar resposta \u00e0s necessidades dos clientes, a habitissimo apresenta novidades acerca da oferta de categorias e servi\u00e7os.","og_url":"https:\/\/www.habitissimo.pt\/procenter\/marketing\/novidade-a-oferta-de-categorias-e-servicos-foi-ampliada\/","og_site_name":"Habitissimo POR","article_published_time":"2021-07-12T08:52:35+00:00","article_modified_time":"2024-12-19T12:38:46+00:00","og_image":[{"width":900,"height":300,"url":"https:\/\/www.habitissimo.pt\/procenter\/wp-content\/uploads\/sites\/5\/2021\/08\/obras-de-outono-mais-pedidas.png","type":"image\/png"}],"author":"Bea Correa","twitter_card":"summary_large_image","twitter_misc":{"Escrito por":"Bea Correa","Tempo estimado de leitura":"2 minutos"},"schema":{"@context":"https:\/\/schema.org","@graph":[{"@type":"WebPage","@id":"https:\/\/www.habitissimo.pt\/procenter\/marketing\/novidade-a-oferta-de-categorias-e-servicos-foi-ampliada\/","url":"https:\/\/www.habitissimo.pt\/procenter\/marketing\/novidade-a-oferta-de-categorias-e-servicos-foi-ampliada\/","name":"Novidade: A oferta de categorias e servi\u00e7os foi ampliada","isPartOf":{"@id":"https:\/\/www.habitissimo.pt\/procenter\/#website"},"primaryImageOfPage":{"@id":"https:\/\/www.habitissimo.pt\/procenter\/marketing\/novidade-a-oferta-de-categorias-e-servicos-foi-ampliada\/#primaryimage"},"image":{"@id":"https:\/\/www.habitissimo.pt\/procenter\/marketing\/novidade-a-oferta-de-categorias-e-servicos-foi-ampliada\/#primaryimage"},"thumbnailUrl":"https:\/\/www.habitissimo.pt\/procenter\/wp-content\/uploads\/sites\/5\/2021\/08\/obras-de-outono-mais-pedidas.png?wsr","datePublished":"2021-07-12T08:52:35+00:00","dateModified":"2024-12-19T12:38:46+00:00","author":{"@id":"https:\/\/www.habitissimo.pt\/procenter\/#\/schema\/person\/b1a4edfefc8e2e8ca91c73d25f2a43bf"},"description":"No sentido de dar resposta \u00e0s necessidades dos clientes, a habitissimo apresenta novidades acerca da oferta de categorias e servi\u00e7os.","breadcrumb":{"@id":"https:\/\/www.habitissimo.pt\/procenter\/marketing\/novidade-a-oferta-de-categorias-e-servicos-foi-ampliada\/#breadcrumb"},"inLanguage":"pt-PT","potentialAction":[{"@type":"ReadAction","target":["https:\/\/www.habitissimo.pt\/procenter\/marketing\/novidade-a-oferta-de-categorias-e-servicos-foi-ampliada\/"]}]},{"@type":"ImageObject","inLanguage":"pt-PT","@id":"https:\/\/www.habitissimo.pt\/procenter\/marketing\/novidade-a-oferta-de-categorias-e-servicos-foi-ampliada\/#primaryimage","url":"https:\/\/www.habitissimo.pt\/procenter\/wp-content\/uploads\/sites\/5\/2021\/08\/obras-de-outono-mais-pedidas.png?wsr","contentUrl":"https:\/\/www.habitissimo.pt\/procenter\/wp-content\/uploads\/sites\/5\/2021\/08\/obras-de-outono-mais-pedidas.png?wsr","width":900,"height":300,"caption":"oferta de categorias e servi\u00e7os"},{"@type":"BreadcrumbList","@id":"https:\/\/www.habitissimo.pt\/procenter\/marketing\/novidade-a-oferta-de-categorias-e-servicos-foi-ampliada\/#breadcrumb","itemListElement":[{"@type":"ListItem","position":1,"name":"Home","item":"https:\/\/www.habitissimo.pt\/procenter\/"},{"@type":"ListItem","position":2,"name":"Marketing e vendas","item":"https:\/\/www.habitissimo.pt\/procenter\/marketing\/"},{"@type":"ListItem","position":3,"name":"Novidade: A oferta de categorias e servi\u00e7os foi ampliada"}]},{"@type":"WebSite","@id":"https:\/\/www.habitissimo.pt\/procenter\/#website","url":"https:\/\/www.habitissimo.pt\/procenter\/","name":"Habitissimo POR","description":"Reformas e Servi\u00e7os Dom\u00e9sticos","potentialAction":[{"@type":"SearchAction","target":{"@type":"EntryPoint","urlTemplate":"https:\/\/www.habitissimo.pt\/procenter\/?s={search_term_string}"},"query-input":{"@type":"PropertyValueSpecification","valueRequired":true,"valueName":"search_term_string"}}],"inLanguage":"pt-PT"},{"@type":"Person","@id":"https:\/\/www.habitissimo.pt\/procenter\/#\/schema\/person\/b1a4edfefc8e2e8ca91c73d25f2a43bf","name":"Bea Correa","image":{"@type":"ImageObject","inLanguage":"pt-PT","@id":"https:\/\/www.habitissimo.pt\/procenter\/#\/schema\/person\/image\/","url":"https:\/\/secure.gravatar.com\/avatar\/236d9291ade905d2327eece2c2abd483ba960bed1e9683171428c0c4cc1be38d?s=96&d=mm&r=g","contentUrl":"https:\/\/secure.gravatar.com\/avatar\/236d9291ade905d2327eece2c2abd483ba960bed1e9683171428c0c4cc1be38d?s=96&d=mm&r=g","caption":"Bea Correa"},"url":"https:\/\/www.habitissimo.pt\/procenter\/author\/bcorrea\/"}]}},"_links":{"self":[{"href":"https:\/\/www.habitissimo.pt\/procenter\/wp-json\/wp\/v2\/posts\/2330","targetHints":{"allow":["GET"]}}],"collection":[{"href":"https:\/\/www.habitissimo.pt\/procenter\/wp-json\/wp\/v2\/posts"}],"about":[{"href":"https:\/\/www.habitissimo.pt\/procenter\/wp-json\/wp\/v2\/types\/post"}],"author":[{"embeddable":true,"href":"https:\/\/www.habitissimo.pt\/procenter\/wp-json\/wp\/v2\/users\/20"}],"replies":[{"embeddable":true,"href":"https:\/\/www.habitissimo.pt\/procenter\/wp-json\/wp\/v2\/comments?post=2330"}],"version-history":[{"count":2,"href":"https:\/\/www.habitissimo.pt\/procenter\/wp-json\/wp\/v2\/posts\/2330\/revisions"}],"predecessor-version":[{"id":2538,"href":"https:\/\/www.habitissimo.pt\/procenter\/wp-json\/wp\/v2\/posts\/2330\/revisions\/2538"}],"wp:featuredmedia":[{"embeddable":true,"href":"https:\/\/www.habitissimo.pt\/procenter\/wp-json\/wp\/v2\/media\/2419"}],"wp:attachment":[{"href":"https:\/\/www.habitissimo.pt\/procenter\/wp-json\/wp\/v2\/media?parent=2330"}],"wp:term":[{"taxonomy":"category","embeddable":true,"href":"https:\/\/www.habitissimo.pt\/procenter\/wp-json\/wp\/v2\/categories?post=2330"},{"taxonomy":"post_tag","embeddable":true,"href":"https:\/\/www.habitissimo.pt\/procenter\/wp-json\/wp\/v2\/tags?post=2330"}],"curies":[{"name":"wp","href":"https:\/\/api.w.org\/{rel}","templated":true}]}}