{"id":2612,"date":"2022-03-08T13:49:02","date_gmt":"2022-03-08T13:49:02","guid":{"rendered":"https:\/\/procenter.habitissimo.pt\/?p=2612"},"modified":"2024-12-19T12:39:40","modified_gmt":"2024-12-19T12:39:40","slug":"irs-2022-para-profissionais-autonomos","status":"publish","type":"post","link":"https:\/\/www.habitissimo.pt\/procenter\/marketing\/irs-2022-para-profissionais-autonomos\/","title":{"rendered":"IRS 2022 para profissionais aut\u00f3nomos"},"content":{"rendered":"\n<p>O processo de entrega do IRS processa-se ao longo de v\u00e1rios meses, tendo datas espec\u00edficas para a entrega de cada fase. At\u00e9 \u00e0 data, um profissional aut\u00f3nomo (ou seja, que trabalha por conta pr\u00f3pria) j\u00e1 dever\u00e1 ter validado as suas faturas e comunicado altera\u00e7\u00f5es do agregado familiar ocorridas no ano anterior. Feitos estes passos, e para que possa estar preparado, deixamos-lhe aqui as datas a&nbsp;ter em conta na entrega do IRS 2022 para profissionais aut\u00f3nomos:&nbsp;<\/p>\n\n\n\n<h2 class=\"wp-block-heading\">15 de mar\u00e7o&nbsp;<\/h2>\n\n\n\n<p>\u00c9 at\u00e9 esta data que tem dispon\u00edvel no Portal das Finan\u00e7as os montantes relativos \u00e0s dedu\u00e7\u00f5es \u00e0 coleta, de despesas comprovadas por fatura e outros documentos. Tamb\u00e9m conseguir\u00e1 verificar outros gastos que s\u00e3o dedut\u00edveis em IRS, que foram efetuados em entidades que t\u00eam dispensa de passar fatura. S\u00e3o estes montantes que v\u00e3o aparecer pr\u00e9-preenchidos nas declara\u00e7\u00f5es do IRS.&nbsp;<\/p>\n\n\n\n<h2 class=\"wp-block-heading\">De 15 a 31 de mar\u00e7o&nbsp;<\/h2>\n\n\n\n<p>Caso algum dos dados n\u00e3o esteja correto, poder\u00e1 reclamar durante este per\u00edodo, junto da Autoridade Tribut\u00e1ria. Tenha em conta este prazo apenas se aplica a faturas que estejam relacionadas com dedu\u00e7\u00f5es \u00e0 coleta das despesas gerais e familiares, ou da dedu\u00e7\u00e3o do IVA. \u00c9 neste prazo que poder\u00e1 tamb\u00e9m escolher a quem consignar o IRS ou o IVA.&nbsp;<\/p>\n\n\n\n<h2 class=\"wp-block-heading\">1 de abril a 30 de junho&nbsp;<\/h2>\n\n\n\n<p>Corresponde ao maior prazo de todo este processo, at\u00e9 porque \u00e9 nesta altura que se faz a entrega da declara\u00e7\u00e3o do IRS, atrav\u00e9s do <a href=\"https:\/\/www.portaldasfinancas.gov.pt\/at\/html\/index.html\" target=\"_blank\" rel=\"noreferrer noopener nofollow\">Portal das Finan\u00e7as<\/a>. Todo o processo deve ser feito de forma online, mas, caso tenha d\u00favidas, poder\u00e1 dirigir-se a um local com atendimento assistido. Verifique se n\u00e3o ter\u00e1 que fazer marca\u00e7\u00e3o primeiro.&nbsp;<\/p>\n\n\n\n<h2 class=\"wp-block-heading\">31 de julho&nbsp;<\/h2>\n\n\n\n<p>Partindo do princ\u00edpio de que entregou a declara\u00e7\u00e3o de IRS 2022 dentro dos prazos legalmente estabelecidos, a Autoridade Tribut\u00e1ria tem at\u00e9 esta data para lhe enviar a sua nota de liquida\u00e7\u00e3o, um documento onde o Fisco mostra de que forma calculou o imposto. Caso tenha direito a reembolso, este ter\u00e1 de lhe ser entregue at\u00e9 esta data.&nbsp;<\/p>\n\n\n\n<h2 class=\"wp-block-heading\">31 de agosto&nbsp;<\/h2>\n\n\n\n<p>Caso tenha que pagar imposto adicional ao Estado, e tenha entregue a declara\u00e7\u00e3o nos prazos corretos, ter\u00e1 at\u00e9 esta data para realizar o pagamento. Se n\u00e3o entregou a declara\u00e7\u00e3o a tempo, tem at\u00e9 dia 31 de dezembro para efetuar o pagamento do imposto adicional. Tenha em conta que poder\u00e1 tamb\u00e9m pedir que o pagamento do IRS 2022 seja feito em presta\u00e7\u00f5es, caso o montante ultrapasse um certo valor (204\u20ac). Poder\u00e1 fazer esse pedido online ou num balc\u00e3o de atendimento.&nbsp;<\/p>\n\n\n\n<div class=\"wp-block-image\"><figure class=\"aligncenter size-large\"><img loading=\"lazy\" decoding=\"async\" width=\"1024\" height=\"684\" src=\"https:\/\/www.habitissimo.pt\/procenter\/wp-content\/uploads\/sites\/5\/2022\/03\/pexels-photo-1181307-1024x684.jpeg\" alt=\"IRS 2022 para profissionais aut\u00f3nomos\" class=\"wp-image-2613\" srcset=\"https:\/\/www.habitissimo.pt\/procenter\/wp-content\/uploads\/sites\/5\/2022\/03\/pexels-photo-1181307-1024x684.jpeg 1024w, https:\/\/www.habitissimo.pt\/procenter\/wp-content\/uploads\/sites\/5\/2022\/03\/pexels-photo-1181307-375x250.jpeg 375w, https:\/\/www.habitissimo.pt\/procenter\/wp-content\/uploads\/sites\/5\/2022\/03\/pexels-photo-1181307-150x100.jpeg 150w, https:\/\/www.habitissimo.pt\/procenter\/wp-content\/uploads\/sites\/5\/2022\/03\/pexels-photo-1181307-768x513.jpeg 768w, https:\/\/www.habitissimo.pt\/procenter\/wp-content\/uploads\/sites\/5\/2022\/03\/pexels-photo-1181307-1536x1025.jpeg 1536w, https:\/\/www.habitissimo.pt\/procenter\/wp-content\/uploads\/sites\/5\/2022\/03\/pexels-photo-1181307.jpeg 1880w\" sizes=\"auto, (max-width: 1024px) 100vw, 1024px\" \/><figcaption>IRS 2022 para profissionais aut\u00f3nomos<\/figcaption><\/figure><\/div>\n","protected":false},"excerpt":{"rendered":"<p>O processo de entrega do IRS processa-se ao longo de v\u00e1rios meses, tendo datas espec\u00edficas para a entrega de cada fase. At\u00e9 \u00e0 data, um profissional aut\u00f3nomo (ou seja, que...<\/p>\n","protected":false},"author":33,"featured_media":320,"comment_status":"open","ping_status":"open","sticky":false,"template":"","format":"standard","meta":{"_acf_changed":false,"footnotes":""},"categories":[10],"tags":[119,194,115],"class_list":["post-2612","post","type-post","status-publish","format-standard","has-post-thumbnail","hentry","category-marketing","tag-declaracao-do-irs","tag-irs-2022","tag-profissionais-independentes"],"acf":[],"yoast_head":"<!-- This site is optimized with the Yoast SEO plugin v26.5 - https:\/\/yoast.com\/wordpress\/plugins\/seo\/ -->\n<title>IRS 2022 para profissionais aut\u00f3nomos - Habitissimo POR<\/title>\n<meta name=\"description\" content=\"Descubra quais os prazos e coisas a ter em conta para o processo de entrega do IRS 2022 para profissionais aut\u00f3nomos.\" \/>\n<meta name=\"robots\" content=\"index, follow, max-snippet:-1, max-image-preview:large, max-video-preview:-1\" \/>\n<link rel=\"canonical\" href=\"https:\/\/www.habitissimo.pt\/procenter\/marketing\/irs-2022-para-profissionais-autonomos\/\" \/>\n<meta property=\"og:locale\" content=\"pt_PT\" \/>\n<meta property=\"og:type\" content=\"article\" \/>\n<meta property=\"og:title\" content=\"IRS 2022 para profissionais aut\u00f3nomos - Habitissimo POR\" \/>\n<meta property=\"og:description\" content=\"Descubra quais os prazos e coisas a ter em conta para o processo de entrega do IRS 2022 para profissionais aut\u00f3nomos.\" \/>\n<meta property=\"og:url\" content=\"https:\/\/www.habitissimo.pt\/procenter\/marketing\/irs-2022-para-profissionais-autonomos\/\" \/>\n<meta property=\"og:site_name\" content=\"Habitissimo POR\" \/>\n<meta property=\"article:published_time\" content=\"2022-03-08T13:49:02+00:00\" \/>\n<meta property=\"article:modified_time\" content=\"2024-12-19T12:39:40+00:00\" \/>\n<meta property=\"og:image\" content=\"https:\/\/www.habitissimo.pt\/procenter\/wp-content\/uploads\/sites\/5\/2020\/05\/Unknown-scaled.jpeg\" \/>\n\t<meta property=\"og:image:width\" content=\"2560\" \/>\n\t<meta property=\"og:image:height\" content=\"1020\" \/>\n\t<meta property=\"og:image:type\" content=\"image\/jpeg\" \/>\n<meta name=\"author\" content=\"bmachado\" \/>\n<meta name=\"twitter:card\" content=\"summary_large_image\" \/>\n<meta name=\"twitter:label1\" content=\"Escrito por\" \/>\n\t<meta name=\"twitter:data1\" content=\"bmachado\" \/>\n\t<meta name=\"twitter:label2\" content=\"Tempo estimado de leitura\" \/>\n\t<meta name=\"twitter:data2\" content=\"3 minutos\" \/>\n<script type=\"application\/ld+json\" class=\"yoast-schema-graph\">{\"@context\":\"https:\/\/schema.org\",\"@graph\":[{\"@type\":\"WebPage\",\"@id\":\"https:\/\/www.habitissimo.pt\/procenter\/marketing\/irs-2022-para-profissionais-autonomos\/\",\"url\":\"https:\/\/www.habitissimo.pt\/procenter\/marketing\/irs-2022-para-profissionais-autonomos\/\",\"name\":\"IRS 2022 para profissionais aut\u00f3nomos - Habitissimo POR\",\"isPartOf\":{\"@id\":\"https:\/\/www.habitissimo.pt\/procenter\/#website\"},\"primaryImageOfPage\":{\"@id\":\"https:\/\/www.habitissimo.pt\/procenter\/marketing\/irs-2022-para-profissionais-autonomos\/#primaryimage\"},\"image\":{\"@id\":\"https:\/\/www.habitissimo.pt\/procenter\/marketing\/irs-2022-para-profissionais-autonomos\/#primaryimage\"},\"thumbnailUrl\":\"https:\/\/www.habitissimo.pt\/procenter\/wp-content\/uploads\/sites\/5\/2020\/05\/Unknown-scaled.jpeg?wsr\",\"datePublished\":\"2022-03-08T13:49:02+00:00\",\"dateModified\":\"2024-12-19T12:39:40+00:00\",\"author\":{\"@id\":\"https:\/\/www.habitissimo.pt\/procenter\/#\/schema\/person\/4cf6de57f4989604627902abc01a2ab0\"},\"description\":\"Descubra quais os prazos e coisas a ter em conta para o processo de entrega do IRS 2022 para profissionais aut\u00f3nomos.\",\"breadcrumb\":{\"@id\":\"https:\/\/www.habitissimo.pt\/procenter\/marketing\/irs-2022-para-profissionais-autonomos\/#breadcrumb\"},\"inLanguage\":\"pt-PT\",\"potentialAction\":[{\"@type\":\"ReadAction\",\"target\":[\"https:\/\/www.habitissimo.pt\/procenter\/marketing\/irs-2022-para-profissionais-autonomos\/\"]}]},{\"@type\":\"ImageObject\",\"inLanguage\":\"pt-PT\",\"@id\":\"https:\/\/www.habitissimo.pt\/procenter\/marketing\/irs-2022-para-profissionais-autonomos\/#primaryimage\",\"url\":\"https:\/\/www.habitissimo.pt\/procenter\/wp-content\/uploads\/sites\/5\/2020\/05\/Unknown-scaled.jpeg?wsr\",\"contentUrl\":\"https:\/\/www.habitissimo.pt\/procenter\/wp-content\/uploads\/sites\/5\/2020\/05\/Unknown-scaled.jpeg?wsr\",\"width\":2560,\"height\":1020},{\"@type\":\"BreadcrumbList\",\"@id\":\"https:\/\/www.habitissimo.pt\/procenter\/marketing\/irs-2022-para-profissionais-autonomos\/#breadcrumb\",\"itemListElement\":[{\"@type\":\"ListItem\",\"position\":1,\"name\":\"Home\",\"item\":\"https:\/\/www.habitissimo.pt\/procenter\/\"},{\"@type\":\"ListItem\",\"position\":2,\"name\":\"Marketing e vendas\",\"item\":\"https:\/\/www.habitissimo.pt\/procenter\/marketing\/\"},{\"@type\":\"ListItem\",\"position\":3,\"name\":\"IRS 2022 para profissionais aut\u00f3nomos\"}]},{\"@type\":\"WebSite\",\"@id\":\"https:\/\/www.habitissimo.pt\/procenter\/#website\",\"url\":\"https:\/\/www.habitissimo.pt\/procenter\/\",\"name\":\"Habitissimo POR\",\"description\":\"Reformas e Servi\u00e7os Dom\u00e9sticos\",\"potentialAction\":[{\"@type\":\"SearchAction\",\"target\":{\"@type\":\"EntryPoint\",\"urlTemplate\":\"https:\/\/www.habitissimo.pt\/procenter\/?s={search_term_string}\"},\"query-input\":{\"@type\":\"PropertyValueSpecification\",\"valueRequired\":true,\"valueName\":\"search_term_string\"}}],\"inLanguage\":\"pt-PT\"},{\"@type\":\"Person\",\"@id\":\"https:\/\/www.habitissimo.pt\/procenter\/#\/schema\/person\/4cf6de57f4989604627902abc01a2ab0\",\"name\":\"bmachado\",\"image\":{\"@type\":\"ImageObject\",\"inLanguage\":\"pt-PT\",\"@id\":\"https:\/\/www.habitissimo.pt\/procenter\/#\/schema\/person\/image\/\",\"url\":\"https:\/\/secure.gravatar.com\/avatar\/8d64dce61042bb93581ee758c8aea9347c1530a1946bdd835ce75d559a2a952b?s=96&d=mm&r=g\",\"contentUrl\":\"https:\/\/secure.gravatar.com\/avatar\/8d64dce61042bb93581ee758c8aea9347c1530a1946bdd835ce75d559a2a952b?s=96&d=mm&r=g\",\"caption\":\"bmachado\"},\"url\":\"https:\/\/www.habitissimo.pt\/procenter\/author\/bmachado\/\"}]}<\/script>\n<!-- \/ Yoast SEO plugin. -->","yoast_head_json":{"title":"IRS 2022 para profissionais aut\u00f3nomos - Habitissimo POR","description":"Descubra quais os prazos e coisas a ter em conta para o processo de entrega do IRS 2022 para profissionais aut\u00f3nomos.","robots":{"index":"index","follow":"follow","max-snippet":"max-snippet:-1","max-image-preview":"max-image-preview:large","max-video-preview":"max-video-preview:-1"},"canonical":"https:\/\/www.habitissimo.pt\/procenter\/marketing\/irs-2022-para-profissionais-autonomos\/","og_locale":"pt_PT","og_type":"article","og_title":"IRS 2022 para profissionais aut\u00f3nomos - Habitissimo POR","og_description":"Descubra quais os prazos e coisas a ter em conta para o processo de entrega do IRS 2022 para profissionais aut\u00f3nomos.","og_url":"https:\/\/www.habitissimo.pt\/procenter\/marketing\/irs-2022-para-profissionais-autonomos\/","og_site_name":"Habitissimo POR","article_published_time":"2022-03-08T13:49:02+00:00","article_modified_time":"2024-12-19T12:39:40+00:00","og_image":[{"width":2560,"height":1020,"url":"https:\/\/www.habitissimo.pt\/procenter\/wp-content\/uploads\/sites\/5\/2020\/05\/Unknown-scaled.jpeg","type":"image\/jpeg"}],"author":"bmachado","twitter_card":"summary_large_image","twitter_misc":{"Escrito por":"bmachado","Tempo estimado de leitura":"3 minutos"},"schema":{"@context":"https:\/\/schema.org","@graph":[{"@type":"WebPage","@id":"https:\/\/www.habitissimo.pt\/procenter\/marketing\/irs-2022-para-profissionais-autonomos\/","url":"https:\/\/www.habitissimo.pt\/procenter\/marketing\/irs-2022-para-profissionais-autonomos\/","name":"IRS 2022 para profissionais aut\u00f3nomos - Habitissimo POR","isPartOf":{"@id":"https:\/\/www.habitissimo.pt\/procenter\/#website"},"primaryImageOfPage":{"@id":"https:\/\/www.habitissimo.pt\/procenter\/marketing\/irs-2022-para-profissionais-autonomos\/#primaryimage"},"image":{"@id":"https:\/\/www.habitissimo.pt\/procenter\/marketing\/irs-2022-para-profissionais-autonomos\/#primaryimage"},"thumbnailUrl":"https:\/\/www.habitissimo.pt\/procenter\/wp-content\/uploads\/sites\/5\/2020\/05\/Unknown-scaled.jpeg?wsr","datePublished":"2022-03-08T13:49:02+00:00","dateModified":"2024-12-19T12:39:40+00:00","author":{"@id":"https:\/\/www.habitissimo.pt\/procenter\/#\/schema\/person\/4cf6de57f4989604627902abc01a2ab0"},"description":"Descubra quais os prazos e coisas a ter em conta para o processo de entrega do IRS 2022 para profissionais aut\u00f3nomos.","breadcrumb":{"@id":"https:\/\/www.habitissimo.pt\/procenter\/marketing\/irs-2022-para-profissionais-autonomos\/#breadcrumb"},"inLanguage":"pt-PT","potentialAction":[{"@type":"ReadAction","target":["https:\/\/www.habitissimo.pt\/procenter\/marketing\/irs-2022-para-profissionais-autonomos\/"]}]},{"@type":"ImageObject","inLanguage":"pt-PT","@id":"https:\/\/www.habitissimo.pt\/procenter\/marketing\/irs-2022-para-profissionais-autonomos\/#primaryimage","url":"https:\/\/www.habitissimo.pt\/procenter\/wp-content\/uploads\/sites\/5\/2020\/05\/Unknown-scaled.jpeg?wsr","contentUrl":"https:\/\/www.habitissimo.pt\/procenter\/wp-content\/uploads\/sites\/5\/2020\/05\/Unknown-scaled.jpeg?wsr","width":2560,"height":1020},{"@type":"BreadcrumbList","@id":"https:\/\/www.habitissimo.pt\/procenter\/marketing\/irs-2022-para-profissionais-autonomos\/#breadcrumb","itemListElement":[{"@type":"ListItem","position":1,"name":"Home","item":"https:\/\/www.habitissimo.pt\/procenter\/"},{"@type":"ListItem","position":2,"name":"Marketing e vendas","item":"https:\/\/www.habitissimo.pt\/procenter\/marketing\/"},{"@type":"ListItem","position":3,"name":"IRS 2022 para profissionais aut\u00f3nomos"}]},{"@type":"WebSite","@id":"https:\/\/www.habitissimo.pt\/procenter\/#website","url":"https:\/\/www.habitissimo.pt\/procenter\/","name":"Habitissimo POR","description":"Reformas e Servi\u00e7os Dom\u00e9sticos","potentialAction":[{"@type":"SearchAction","target":{"@type":"EntryPoint","urlTemplate":"https:\/\/www.habitissimo.pt\/procenter\/?s={search_term_string}"},"query-input":{"@type":"PropertyValueSpecification","valueRequired":true,"valueName":"search_term_string"}}],"inLanguage":"pt-PT"},{"@type":"Person","@id":"https:\/\/www.habitissimo.pt\/procenter\/#\/schema\/person\/4cf6de57f4989604627902abc01a2ab0","name":"bmachado","image":{"@type":"ImageObject","inLanguage":"pt-PT","@id":"https:\/\/www.habitissimo.pt\/procenter\/#\/schema\/person\/image\/","url":"https:\/\/secure.gravatar.com\/avatar\/8d64dce61042bb93581ee758c8aea9347c1530a1946bdd835ce75d559a2a952b?s=96&d=mm&r=g","contentUrl":"https:\/\/secure.gravatar.com\/avatar\/8d64dce61042bb93581ee758c8aea9347c1530a1946bdd835ce75d559a2a952b?s=96&d=mm&r=g","caption":"bmachado"},"url":"https:\/\/www.habitissimo.pt\/procenter\/author\/bmachado\/"}]}},"_links":{"self":[{"href":"https:\/\/www.habitissimo.pt\/procenter\/wp-json\/wp\/v2\/posts\/2612","targetHints":{"allow":["GET"]}}],"collection":[{"href":"https:\/\/www.habitissimo.pt\/procenter\/wp-json\/wp\/v2\/posts"}],"about":[{"href":"https:\/\/www.habitissimo.pt\/procenter\/wp-json\/wp\/v2\/types\/post"}],"author":[{"embeddable":true,"href":"https:\/\/www.habitissimo.pt\/procenter\/wp-json\/wp\/v2\/users\/33"}],"replies":[{"embeddable":true,"href":"https:\/\/www.habitissimo.pt\/procenter\/wp-json\/wp\/v2\/comments?post=2612"}],"version-history":[{"count":3,"href":"https:\/\/www.habitissimo.pt\/procenter\/wp-json\/wp\/v2\/posts\/2612\/revisions"}],"predecessor-version":[{"id":2779,"href":"https:\/\/www.habitissimo.pt\/procenter\/wp-json\/wp\/v2\/posts\/2612\/revisions\/2779"}],"wp:featuredmedia":[{"embeddable":true,"href":"https:\/\/www.habitissimo.pt\/procenter\/wp-json\/wp\/v2\/media\/320"}],"wp:attachment":[{"href":"https:\/\/www.habitissimo.pt\/procenter\/wp-json\/wp\/v2\/media?parent=2612"}],"wp:term":[{"taxonomy":"category","embeddable":true,"href":"https:\/\/www.habitissimo.pt\/procenter\/wp-json\/wp\/v2\/categories?post=2612"},{"taxonomy":"post_tag","embeddable":true,"href":"https:\/\/www.habitissimo.pt\/procenter\/wp-json\/wp\/v2\/tags?post=2612"}],"curies":[{"name":"wp","href":"https:\/\/api.w.org\/{rel}","templated":true}]}}