{"id":2678,"date":"2022-07-28T11:57:29","date_gmt":"2022-07-28T10:57:29","guid":{"rendered":"https:\/\/procenter.habitissimo.pt\/?p=2678"},"modified":"2024-12-19T13:07:49","modified_gmt":"2024-12-19T13:07:49","slug":"como-superar-a-falta-de-mao-de-obra-no-setor-da-construcao-civil","status":"publish","type":"post","link":"https:\/\/www.habitissimo.pt\/procenter\/imprensa\/como-superar-a-falta-de-mao-de-obra-no-setor-da-construcao-civil\/","title":{"rendered":"Como superar a falta de m\u00e3o de obra no setor da constru\u00e7\u00e3o civil"},"content":{"rendered":"\n<p>O setor da constru\u00e7\u00e3o civil tem-se deparado com algumas dificuldades, entre o <a href=\"https:\/\/www.habitissimo.pt\/procenter\/subida-preco-materiais-construcao\/\">aumento dos pre\u00e7os dos materiais<\/a> e a falta de m\u00e3o de obra para os diferentes projetos. Mas ser\u00e1 que existe alguma coisa a fazer para ajudar a sua empresa a fixar trabalhadores e a lidar com dificuldades de contrata\u00e7\u00e3o? Neste artigo, damos-lhe algumas sugest\u00f5es a considerar:<\/p>\n\n\n\n<div class=\"wp-block-image\"><figure class=\"aligncenter size-large\"><img loading=\"lazy\" decoding=\"async\" width=\"1024\" height=\"683\" src=\"https:\/\/www.habitissimo.pt\/procenter\/wp-content\/uploads\/sites\/5\/2022\/07\/pexels-aleksey-3680959-1024x683.jpg\" alt=\"\" class=\"wp-image-2679\" srcset=\"https:\/\/www.habitissimo.pt\/procenter\/wp-content\/uploads\/sites\/5\/2022\/07\/pexels-aleksey-3680959-1024x683.jpg 1024w, https:\/\/www.habitissimo.pt\/procenter\/wp-content\/uploads\/sites\/5\/2022\/07\/pexels-aleksey-3680959-375x250.jpg 375w, https:\/\/www.habitissimo.pt\/procenter\/wp-content\/uploads\/sites\/5\/2022\/07\/pexels-aleksey-3680959-150x100.jpg 150w, https:\/\/www.habitissimo.pt\/procenter\/wp-content\/uploads\/sites\/5\/2022\/07\/pexels-aleksey-3680959-768x512.jpg 768w, https:\/\/www.habitissimo.pt\/procenter\/wp-content\/uploads\/sites\/5\/2022\/07\/pexels-aleksey-3680959-1536x1024.jpg 1536w, https:\/\/www.habitissimo.pt\/procenter\/wp-content\/uploads\/sites\/5\/2022\/07\/pexels-aleksey-3680959-2048x1365.jpg 2048w, https:\/\/www.habitissimo.pt\/procenter\/wp-content\/uploads\/sites\/5\/2022\/07\/pexels-aleksey-3680959-scaled.jpg 2560w\" sizes=\"auto, (max-width: 1024px) 100vw, 1024px\" \/><figcaption>Como superar a falta de m\u00e3o de obra no setor da constru\u00e7\u00e3o civil<\/figcaption><\/figure><\/div>\n\n\n\n<h2 class=\"wp-block-heading\">Melhoria das condi\u00e7\u00f5es de trabalho<\/h2>\n\n\n\n<p>Uma boa forma de tornar a sua empresa mais apelativa e fixar a m\u00e3o de obra \u00e9 melhorando as condi\u00e7\u00f5es de trabalho oferecidas aos funcion\u00e1rios. Procure seguir a legalidade em todas as situa\u00e7\u00f5es, <strong>formalizando contratos, garantindo o cumprimento das normas e ajustando os sal\u00e1rios <\/strong>sempre que poss\u00edvel. Cuide dos seus trabalhadores para que eles se sintam bem e sintam que a sua empresa lhes oferece todas as condi\u00e7\u00f5es e direitos que eles merecem.<\/p>\n\n\n\n<h2 class=\"wp-block-heading\">Bom relacionamento com os funcion\u00e1rios<\/h2>\n\n\n\n<p>Um bom relacionamento com os trabalhadores ajuda a fixar a m\u00e3o de obra na sua empresa e a que o trabalho corra ainda melhor, o que se vai refletir na qualidade e execu\u00e7\u00e3o dos seus projetos. <strong>Trate todos os seus subordinados com o respeito que lhes \u00e9 devido e fomente um bom relacionamento entre todos os funcion\u00e1rios<\/strong>. A flexibilidade \u00e9 tamb\u00e9m um ponto a seu favor, e algo que os funcion\u00e1rios valorizam muito.<\/p>\n\n\n\n<h2 class=\"wp-block-heading\">Adaptar a demanda do trabalho<\/h2>\n\n\n\n<p>Uma vez que estamos a atravessar um per\u00edodo conturbado, torna-se importante que avalie cuidadosamente os trabalhos que tem em m\u00e3os e os prazos que estabelece. Se sabe que n\u00e3o vai <strong>conseguir certos prazos, n\u00e3o aceite o projeto<\/strong>. Prazos apertados s\u00f3 v\u00e3o criar mais tens\u00e3o na sua equipa e levar a que os seus trabalhadores tenham que trabalhar ainda mais para cumprir o prometido. O excesso de trabalho leva ao cansa\u00e7o e ao desgaste dos seus funcion\u00e1rios, algo que se reflete depois na sua empresa. Como dissemos anteriormente, \u00e9 importante que trate bem quem para si trabalha.<\/p>\n\n\n\n<p>Veja tamb\u00e9m: <a href=\"https:\/\/www.habitissimo.pt\/procenter\/como-gerir-a-demanda-de-trabalho-e-as-ferias-de-verao\/\">Como gerir a demanda de trabalho e as f\u00e9rias de ver\u00e3o<\/a><\/p>\n\n\n\n<h2 class=\"wp-block-heading\">Ajustar expetativas de prazos<\/h2>\n\n\n\n<p>Nos projetos que j\u00e1 t\u00eam a decorrer, n\u00e3o ceda \u00e0 tenta\u00e7\u00e3o de manter prazos que agora lhe s\u00e3o imposs\u00edveis, sob pena de a sua empresa e for\u00e7a de trabalho se ressentir disso. Assim, procure <strong>ajustar as expetativas de prazos com os diferentes clientes<\/strong>, propondo prazos mais aceit\u00e1veis. Explique ao cliente a raz\u00e3o pela qual o prazo tem de ser ajustado, para que ele seja capaz de compreender e aceitar melhor essa decis\u00e3o.<\/p>\n\n\n\n<h2 class=\"wp-block-heading\">Contrata\u00e7\u00e3o no exterior<\/h2>\n\n\n\n<p>O <a href=\"https:\/\/www.portugal.gov.pt\/pt\/gc23\/comunicacao\/noticia?i=assembleia-da-republica-aprova-alteracoes-a-lei-dos-estrangeiros\" target=\"_blank\" rel=\"noreferrer noopener\">Governo de Portugal criou uma nova tipologia de visto<\/a> de forma a promover migra\u00e7\u00f5es seguras e ajudar ao combate da falta de m\u00e3o de obra. Assim, <strong>podem entrar em territ\u00f3rio portugu\u00eas estrangeiros que venham \u00e0 procura de trabalho<\/strong> durante o per\u00edodo de 120 dias, que pode ser extensivo a mais 60 (num total de 180 dias). Neste ponto, conv\u00e9m real\u00e7ar que, mesmo que contrate trabalhadores estrangeiros, \u00e9 importante que n\u00e3o descure as dicas anteriores e fomente boas condi\u00e7\u00f5es de trabalho, um bom relacionamento e prazos justos tanto para o cliente como para os trabalhadores.<\/p>\n\n\n\n<p><\/p>\n","protected":false},"excerpt":{"rendered":"<p>O setor da constru\u00e7\u00e3o civil tem-se deparado com algumas dificuldades, entre o aumento dos pre\u00e7os dos materiais e a falta de m\u00e3o de obra para os diferentes projetos. Mas ser\u00e1...<\/p>\n","protected":false},"author":20,"featured_media":2681,"comment_status":"open","ping_status":"open","sticky":false,"template":"","format":"standard","meta":{"_acf_changed":false,"footnotes":""},"categories":[2],"tags":[203],"class_list":["post-2678","post","type-post","status-publish","format-standard","has-post-thumbnail","hentry","category-imprensa","tag-falta-de-mao-de-obra"],"acf":[],"yoast_head":"<!-- This site is optimized with the Yoast SEO plugin v26.5 - https:\/\/yoast.com\/wordpress\/plugins\/seo\/ -->\n<title>Como superar a falta de m\u00e3o de obra no setor da constru\u00e7\u00e3o civil<\/title>\n<meta name=\"description\" content=\"Neste artigo, a habitissimo oferece algumas sugest\u00f5es de como superar a falta de m\u00e3o de obra no setor da constru\u00e7\u00e3o civil.\" \/>\n<meta name=\"robots\" content=\"index, follow, max-snippet:-1, max-image-preview:large, max-video-preview:-1\" \/>\n<link rel=\"canonical\" href=\"https:\/\/www.habitissimo.pt\/procenter\/imprensa\/como-superar-a-falta-de-mao-de-obra-no-setor-da-construcao-civil\/\" \/>\n<meta property=\"og:locale\" content=\"pt_PT\" \/>\n<meta property=\"og:type\" content=\"article\" \/>\n<meta property=\"og:title\" content=\"Como superar a falta de m\u00e3o de obra no setor da constru\u00e7\u00e3o civil\" \/>\n<meta property=\"og:description\" content=\"Neste artigo, a habitissimo oferece algumas sugest\u00f5es de como superar a falta de m\u00e3o de obra no setor da constru\u00e7\u00e3o civil.\" \/>\n<meta property=\"og:url\" content=\"https:\/\/www.habitissimo.pt\/procenter\/imprensa\/como-superar-a-falta-de-mao-de-obra-no-setor-da-construcao-civil\/\" \/>\n<meta property=\"og:site_name\" content=\"Habitissimo POR\" \/>\n<meta property=\"article:published_time\" content=\"2022-07-28T10:57:29+00:00\" \/>\n<meta property=\"article:modified_time\" content=\"2024-12-19T13:07:49+00:00\" \/>\n<meta property=\"og:image\" content=\"https:\/\/www.habitissimo.pt\/procenter\/wp-content\/uploads\/sites\/5\/2022\/07\/pexels-aleksey-3680959-1-scaled.jpg\" \/>\n\t<meta property=\"og:image:width\" content=\"2560\" \/>\n\t<meta property=\"og:image:height\" content=\"1707\" \/>\n\t<meta property=\"og:image:type\" content=\"image\/jpeg\" \/>\n<meta name=\"author\" content=\"Bea Correa\" \/>\n<meta name=\"twitter:card\" content=\"summary_large_image\" \/>\n<meta name=\"twitter:label1\" content=\"Escrito por\" \/>\n\t<meta name=\"twitter:data1\" content=\"Bea Correa\" \/>\n\t<meta name=\"twitter:label2\" content=\"Tempo estimado de leitura\" \/>\n\t<meta name=\"twitter:data2\" content=\"3 minutos\" \/>\n<script type=\"application\/ld+json\" class=\"yoast-schema-graph\">{\"@context\":\"https:\/\/schema.org\",\"@graph\":[{\"@type\":\"WebPage\",\"@id\":\"https:\/\/www.habitissimo.pt\/procenter\/imprensa\/como-superar-a-falta-de-mao-de-obra-no-setor-da-construcao-civil\/\",\"url\":\"https:\/\/www.habitissimo.pt\/procenter\/imprensa\/como-superar-a-falta-de-mao-de-obra-no-setor-da-construcao-civil\/\",\"name\":\"Como superar a falta de m\u00e3o de obra no setor da constru\u00e7\u00e3o civil\",\"isPartOf\":{\"@id\":\"https:\/\/www.habitissimo.pt\/procenter\/#website\"},\"primaryImageOfPage\":{\"@id\":\"https:\/\/www.habitissimo.pt\/procenter\/imprensa\/como-superar-a-falta-de-mao-de-obra-no-setor-da-construcao-civil\/#primaryimage\"},\"image\":{\"@id\":\"https:\/\/www.habitissimo.pt\/procenter\/imprensa\/como-superar-a-falta-de-mao-de-obra-no-setor-da-construcao-civil\/#primaryimage\"},\"thumbnailUrl\":\"https:\/\/www.habitissimo.pt\/procenter\/wp-content\/uploads\/sites\/5\/2022\/07\/pexels-aleksey-3680959-1-scaled.jpg?wsr\",\"datePublished\":\"2022-07-28T10:57:29+00:00\",\"dateModified\":\"2024-12-19T13:07:49+00:00\",\"author\":{\"@id\":\"https:\/\/www.habitissimo.pt\/procenter\/#\/schema\/person\/b1a4edfefc8e2e8ca91c73d25f2a43bf\"},\"description\":\"Neste artigo, a habitissimo oferece algumas sugest\u00f5es de como superar a falta de m\u00e3o de obra no setor da constru\u00e7\u00e3o civil.\",\"breadcrumb\":{\"@id\":\"https:\/\/www.habitissimo.pt\/procenter\/imprensa\/como-superar-a-falta-de-mao-de-obra-no-setor-da-construcao-civil\/#breadcrumb\"},\"inLanguage\":\"pt-PT\",\"potentialAction\":[{\"@type\":\"ReadAction\",\"target\":[\"https:\/\/www.habitissimo.pt\/procenter\/imprensa\/como-superar-a-falta-de-mao-de-obra-no-setor-da-construcao-civil\/\"]}]},{\"@type\":\"ImageObject\",\"inLanguage\":\"pt-PT\",\"@id\":\"https:\/\/www.habitissimo.pt\/procenter\/imprensa\/como-superar-a-falta-de-mao-de-obra-no-setor-da-construcao-civil\/#primaryimage\",\"url\":\"https:\/\/www.habitissimo.pt\/procenter\/wp-content\/uploads\/sites\/5\/2022\/07\/pexels-aleksey-3680959-1-scaled.jpg?wsr\",\"contentUrl\":\"https:\/\/www.habitissimo.pt\/procenter\/wp-content\/uploads\/sites\/5\/2022\/07\/pexels-aleksey-3680959-1-scaled.jpg?wsr\",\"width\":2560,\"height\":1707,\"caption\":\"Como superar a falta de m\u00e3o de obra no setor da constru\u00e7\u00e3o civil\"},{\"@type\":\"BreadcrumbList\",\"@id\":\"https:\/\/www.habitissimo.pt\/procenter\/imprensa\/como-superar-a-falta-de-mao-de-obra-no-setor-da-construcao-civil\/#breadcrumb\",\"itemListElement\":[{\"@type\":\"ListItem\",\"position\":1,\"name\":\"Home\",\"item\":\"https:\/\/www.habitissimo.pt\/procenter\/\"},{\"@type\":\"ListItem\",\"position\":2,\"name\":\"Como superar a falta de m\u00e3o de obra no setor da constru\u00e7\u00e3o civil\"}]},{\"@type\":\"WebSite\",\"@id\":\"https:\/\/www.habitissimo.pt\/procenter\/#website\",\"url\":\"https:\/\/www.habitissimo.pt\/procenter\/\",\"name\":\"Habitissimo POR\",\"description\":\"Reformas e Servi\u00e7os Dom\u00e9sticos\",\"potentialAction\":[{\"@type\":\"SearchAction\",\"target\":{\"@type\":\"EntryPoint\",\"urlTemplate\":\"https:\/\/www.habitissimo.pt\/procenter\/?s={search_term_string}\"},\"query-input\":{\"@type\":\"PropertyValueSpecification\",\"valueRequired\":true,\"valueName\":\"search_term_string\"}}],\"inLanguage\":\"pt-PT\"},{\"@type\":\"Person\",\"@id\":\"https:\/\/www.habitissimo.pt\/procenter\/#\/schema\/person\/b1a4edfefc8e2e8ca91c73d25f2a43bf\",\"name\":\"Bea Correa\",\"image\":{\"@type\":\"ImageObject\",\"inLanguage\":\"pt-PT\",\"@id\":\"https:\/\/www.habitissimo.pt\/procenter\/#\/schema\/person\/image\/\",\"url\":\"https:\/\/secure.gravatar.com\/avatar\/236d9291ade905d2327eece2c2abd483ba960bed1e9683171428c0c4cc1be38d?s=96&d=mm&r=g\",\"contentUrl\":\"https:\/\/secure.gravatar.com\/avatar\/236d9291ade905d2327eece2c2abd483ba960bed1e9683171428c0c4cc1be38d?s=96&d=mm&r=g\",\"caption\":\"Bea Correa\"},\"url\":\"https:\/\/www.habitissimo.pt\/procenter\/author\/bcorrea\/\"}]}<\/script>\n<!-- \/ Yoast SEO plugin. -->","yoast_head_json":{"title":"Como superar a falta de m\u00e3o de obra no setor da constru\u00e7\u00e3o civil","description":"Neste artigo, a habitissimo oferece algumas sugest\u00f5es de como superar a falta de m\u00e3o de obra no setor da constru\u00e7\u00e3o civil.","robots":{"index":"index","follow":"follow","max-snippet":"max-snippet:-1","max-image-preview":"max-image-preview:large","max-video-preview":"max-video-preview:-1"},"canonical":"https:\/\/www.habitissimo.pt\/procenter\/imprensa\/como-superar-a-falta-de-mao-de-obra-no-setor-da-construcao-civil\/","og_locale":"pt_PT","og_type":"article","og_title":"Como superar a falta de m\u00e3o de obra no setor da constru\u00e7\u00e3o civil","og_description":"Neste artigo, a habitissimo oferece algumas sugest\u00f5es de como superar a falta de m\u00e3o de obra no setor da constru\u00e7\u00e3o civil.","og_url":"https:\/\/www.habitissimo.pt\/procenter\/imprensa\/como-superar-a-falta-de-mao-de-obra-no-setor-da-construcao-civil\/","og_site_name":"Habitissimo POR","article_published_time":"2022-07-28T10:57:29+00:00","article_modified_time":"2024-12-19T13:07:49+00:00","og_image":[{"width":2560,"height":1707,"url":"https:\/\/www.habitissimo.pt\/procenter\/wp-content\/uploads\/sites\/5\/2022\/07\/pexels-aleksey-3680959-1-scaled.jpg","type":"image\/jpeg"}],"author":"Bea Correa","twitter_card":"summary_large_image","twitter_misc":{"Escrito por":"Bea Correa","Tempo estimado de leitura":"3 minutos"},"schema":{"@context":"https:\/\/schema.org","@graph":[{"@type":"WebPage","@id":"https:\/\/www.habitissimo.pt\/procenter\/imprensa\/como-superar-a-falta-de-mao-de-obra-no-setor-da-construcao-civil\/","url":"https:\/\/www.habitissimo.pt\/procenter\/imprensa\/como-superar-a-falta-de-mao-de-obra-no-setor-da-construcao-civil\/","name":"Como superar a falta de m\u00e3o de obra no setor da constru\u00e7\u00e3o civil","isPartOf":{"@id":"https:\/\/www.habitissimo.pt\/procenter\/#website"},"primaryImageOfPage":{"@id":"https:\/\/www.habitissimo.pt\/procenter\/imprensa\/como-superar-a-falta-de-mao-de-obra-no-setor-da-construcao-civil\/#primaryimage"},"image":{"@id":"https:\/\/www.habitissimo.pt\/procenter\/imprensa\/como-superar-a-falta-de-mao-de-obra-no-setor-da-construcao-civil\/#primaryimage"},"thumbnailUrl":"https:\/\/www.habitissimo.pt\/procenter\/wp-content\/uploads\/sites\/5\/2022\/07\/pexels-aleksey-3680959-1-scaled.jpg?wsr","datePublished":"2022-07-28T10:57:29+00:00","dateModified":"2024-12-19T13:07:49+00:00","author":{"@id":"https:\/\/www.habitissimo.pt\/procenter\/#\/schema\/person\/b1a4edfefc8e2e8ca91c73d25f2a43bf"},"description":"Neste artigo, a habitissimo oferece algumas sugest\u00f5es de como superar a falta de m\u00e3o de obra no setor da constru\u00e7\u00e3o civil.","breadcrumb":{"@id":"https:\/\/www.habitissimo.pt\/procenter\/imprensa\/como-superar-a-falta-de-mao-de-obra-no-setor-da-construcao-civil\/#breadcrumb"},"inLanguage":"pt-PT","potentialAction":[{"@type":"ReadAction","target":["https:\/\/www.habitissimo.pt\/procenter\/imprensa\/como-superar-a-falta-de-mao-de-obra-no-setor-da-construcao-civil\/"]}]},{"@type":"ImageObject","inLanguage":"pt-PT","@id":"https:\/\/www.habitissimo.pt\/procenter\/imprensa\/como-superar-a-falta-de-mao-de-obra-no-setor-da-construcao-civil\/#primaryimage","url":"https:\/\/www.habitissimo.pt\/procenter\/wp-content\/uploads\/sites\/5\/2022\/07\/pexels-aleksey-3680959-1-scaled.jpg?wsr","contentUrl":"https:\/\/www.habitissimo.pt\/procenter\/wp-content\/uploads\/sites\/5\/2022\/07\/pexels-aleksey-3680959-1-scaled.jpg?wsr","width":2560,"height":1707,"caption":"Como superar a falta de m\u00e3o de obra no setor da constru\u00e7\u00e3o civil"},{"@type":"BreadcrumbList","@id":"https:\/\/www.habitissimo.pt\/procenter\/imprensa\/como-superar-a-falta-de-mao-de-obra-no-setor-da-construcao-civil\/#breadcrumb","itemListElement":[{"@type":"ListItem","position":1,"name":"Home","item":"https:\/\/www.habitissimo.pt\/procenter\/"},{"@type":"ListItem","position":2,"name":"Como superar a falta de m\u00e3o de obra no setor da constru\u00e7\u00e3o civil"}]},{"@type":"WebSite","@id":"https:\/\/www.habitissimo.pt\/procenter\/#website","url":"https:\/\/www.habitissimo.pt\/procenter\/","name":"Habitissimo POR","description":"Reformas e Servi\u00e7os Dom\u00e9sticos","potentialAction":[{"@type":"SearchAction","target":{"@type":"EntryPoint","urlTemplate":"https:\/\/www.habitissimo.pt\/procenter\/?s={search_term_string}"},"query-input":{"@type":"PropertyValueSpecification","valueRequired":true,"valueName":"search_term_string"}}],"inLanguage":"pt-PT"},{"@type":"Person","@id":"https:\/\/www.habitissimo.pt\/procenter\/#\/schema\/person\/b1a4edfefc8e2e8ca91c73d25f2a43bf","name":"Bea Correa","image":{"@type":"ImageObject","inLanguage":"pt-PT","@id":"https:\/\/www.habitissimo.pt\/procenter\/#\/schema\/person\/image\/","url":"https:\/\/secure.gravatar.com\/avatar\/236d9291ade905d2327eece2c2abd483ba960bed1e9683171428c0c4cc1be38d?s=96&d=mm&r=g","contentUrl":"https:\/\/secure.gravatar.com\/avatar\/236d9291ade905d2327eece2c2abd483ba960bed1e9683171428c0c4cc1be38d?s=96&d=mm&r=g","caption":"Bea Correa"},"url":"https:\/\/www.habitissimo.pt\/procenter\/author\/bcorrea\/"}]}},"_links":{"self":[{"href":"https:\/\/www.habitissimo.pt\/procenter\/wp-json\/wp\/v2\/posts\/2678","targetHints":{"allow":["GET"]}}],"collection":[{"href":"https:\/\/www.habitissimo.pt\/procenter\/wp-json\/wp\/v2\/posts"}],"about":[{"href":"https:\/\/www.habitissimo.pt\/procenter\/wp-json\/wp\/v2\/types\/post"}],"author":[{"embeddable":true,"href":"https:\/\/www.habitissimo.pt\/procenter\/wp-json\/wp\/v2\/users\/20"}],"replies":[{"embeddable":true,"href":"https:\/\/www.habitissimo.pt\/procenter\/wp-json\/wp\/v2\/comments?post=2678"}],"version-history":[{"count":2,"href":"https:\/\/www.habitissimo.pt\/procenter\/wp-json\/wp\/v2\/posts\/2678\/revisions"}],"predecessor-version":[{"id":2812,"href":"https:\/\/www.habitissimo.pt\/procenter\/wp-json\/wp\/v2\/posts\/2678\/revisions\/2812"}],"wp:featuredmedia":[{"embeddable":true,"href":"https:\/\/www.habitissimo.pt\/procenter\/wp-json\/wp\/v2\/media\/2681"}],"wp:attachment":[{"href":"https:\/\/www.habitissimo.pt\/procenter\/wp-json\/wp\/v2\/media?parent=2678"}],"wp:term":[{"taxonomy":"category","embeddable":true,"href":"https:\/\/www.habitissimo.pt\/procenter\/wp-json\/wp\/v2\/categories?post=2678"},{"taxonomy":"post_tag","embeddable":true,"href":"https:\/\/www.habitissimo.pt\/procenter\/wp-json\/wp\/v2\/tags?post=2678"}],"curies":[{"name":"wp","href":"https:\/\/api.w.org\/{rel}","templated":true}]}}